{"id":4391,"date":"2024-01-22T12:24:06","date_gmt":"2024-01-22T15:24:06","guid":{"rendered":"https:\/\/sgvaimudar.com.br\/?p=4391"},"modified":"2024-01-22T12:25:50","modified_gmt":"2024-01-22T15:25:50","slug":"tiroteio-termina-com-um-suspeito-baleado-no-jardim-catarina","status":"publish","type":"post","link":"https:\/\/sgvaimudar.com.br\/index.php\/2024\/01\/22\/tiroteio-termina-com-um-suspeito-baleado-no-jardim-catarina\/","title":{"rendered":"Tiroteio termina com um suspeito baleado no Jardim Catarina"},"content":{"rendered":"\n<p>Um confronto armado entre policiais militares e suspeitos causou apreens\u00e3o entre os residentes na manh\u00e3 desta segunda-feira (22) no Jardim Catarina, S\u00e3o Gon\u00e7alo. Durante o incidente, um suspeito de 24 anos foi atingido por disparos e uma arma foi apreendida em sua posse.<\/p>\n\n\n\n<p>O epis\u00f3dio ocorreu por volta das 5h20, conforme relatado pela Pol\u00edcia Militar. A equipe do 7\u00b0 BPM (S\u00e3o Gon\u00e7alo) patrulhava a Avenida Albino Imparato, a principal via do bairro, quando foi surpreendida por suspeitos, desencadeando um tiroteio. Ap\u00f3s o fim dos disparos, um dos suspeitos foi encontrado ferido no local.<\/p>\n\n\n\n<p>O indiv\u00edduo ferido recebeu atendimento e foi encaminhado para o Hospital Estadual Alberto Torres (Heat) no Coluband\u00ea, onde permanece sob cust\u00f3dia \u00e0 espera de cirurgia. A arma descoberta no local foi confiscada, e o incidente foi registrado na 74\u00aa DP (Alc\u00e2ntara).<\/p>\n\n\n\n<p>Fonte: O S\u00e3o Gon\u00e7alo<br>Foto: Filipe Aguiar<\/p>\n\n\n\n<h1 class=\"wp-block-heading\">\ud835\ude68\ud835\ude5c\ud835\ude6b\ud835\ude56\ud835\ude5e\ud835\ude62\ud835\ude6a\ud835\ude59\ud835\ude56\ud835\ude67<\/h1>\n\n\n\n<p>\ud835\udc76 \ud835\udc8e\ud835\udc82\ud835\udc8a\ud835\udc90\ud835\udc93 \ud835\udc77\ud835\udc90\ud835\udc93\ud835\udc95\ud835\udc82\ud835\udc8d \ud835\udc85\ud835\udc86 \ud835\udc8f\ud835\udc90\ud835\udc95\ud835\udc8a\u0301\ud835\udc84\ud835\udc8a\ud835\udc82\ud835\udc94 \ud835\udc85\ud835\udc82 \ud835\udc84\ud835\udc8a\ud835\udc85\ud835\udc82\ud835\udc85\ud835\udc86.<\/p>\n\n\n\n<figure class=\"wp-block-image size-large\"><img fetchpriority=\"high\" decoding=\"async\" width=\"1024\" height=\"461\" src=\"https:\/\/sgvaimudar.com.br\/wp-content\/uploads\/2024\/01\/InShot_20240122_122320212-1024x461.jpg\" alt=\"\" class=\"wp-image-4393\" srcset=\"https:\/\/sgvaimudar.com.br\/wp-content\/uploads\/2024\/01\/InShot_20240122_122320212-1024x461.jpg 1024w, https:\/\/sgvaimudar.com.br\/wp-content\/uploads\/2024\/01\/InShot_20240122_122320212-300x135.jpg 300w, https:\/\/sgvaimudar.com.br\/wp-content\/uploads\/2024\/01\/InShot_20240122_122320212-768x346.jpg 768w, https:\/\/sgvaimudar.com.br\/wp-content\/uploads\/2024\/01\/InShot_20240122_122320212-1536x691.jpg 1536w, https:\/\/sgvaimudar.com.br\/wp-content\/uploads\/2024\/01\/InShot_20240122_122320212-2048x921.jpg 2048w\" sizes=\"(max-width: 1024px) 100vw, 1024px\" \/><\/figure>\n","protected":false},"excerpt":{"rendered":"<p>Um confronto armado entre policiais militares e suspeitos causou apreens\u00e3o entre os residentes na manh\u00e3 desta segunda-feira (22) no Jardim&hellip;<\/p>\n","protected":false},"author":2,"featured_media":4393,"comment_status":"open","ping_status":"open","sticky":false,"template":"","format":"standard","meta":{"fifu_image_url":"","fifu_image_alt":"","footnotes":""},"categories":[32],"tags":[],"class_list":["post-4391","post","type-post","status-publish","format-standard","has-post-thumbnail","hentry","category-casos-de-policia"],"_links":{"self":[{"href":"https:\/\/sgvaimudar.com.br\/index.php\/wp-json\/wp\/v2\/posts\/4391","targetHints":{"allow":["GET"]}}],"collection":[{"href":"https:\/\/sgvaimudar.com.br\/index.php\/wp-json\/wp\/v2\/posts"}],"about":[{"href":"https:\/\/sgvaimudar.com.br\/index.php\/wp-json\/wp\/v2\/types\/post"}],"author":[{"embeddable":true,"href":"https:\/\/sgvaimudar.com.br\/index.php\/wp-json\/wp\/v2\/users\/2"}],"replies":[{"embeddable":true,"href":"https:\/\/sgvaimudar.com.br\/index.php\/wp-json\/wp\/v2\/comments?post=4391"}],"version-history":[{"count":3,"href":"https:\/\/sgvaimudar.com.br\/index.php\/wp-json\/wp\/v2\/posts\/4391\/revisions"}],"predecessor-version":[{"id":4397,"href":"https:\/\/sgvaimudar.com.br\/index.php\/wp-json\/wp\/v2\/posts\/4391\/revisions\/4397"}],"wp:featuredmedia":[{"embeddable":true,"href":"https:\/\/sgvaimudar.com.br\/index.php\/wp-json\/wp\/v2\/media\/4393"}],"wp:attachment":[{"href":"https:\/\/sgvaimudar.com.br\/index.php\/wp-json\/wp\/v2\/media?parent=4391"}],"wp:term":[{"taxonomy":"category","embeddable":true,"href":"https:\/\/sgvaimudar.com.br\/index.php\/wp-json\/wp\/v2\/categories?post=4391"},{"taxonomy":"post_tag","embeddable":true,"href":"https:\/\/sgvaimudar.com.br\/index.php\/wp-json\/wp\/v2\/tags?post=4391"}],"curies":[{"name":"wp","href":"https:\/\/api.w.org\/{rel}","templated":true}]}}