{"id":4374,"date":"2024-01-18T13:08:59","date_gmt":"2024-01-18T16:08:59","guid":{"rendered":"https:\/\/sgvaimudar.com.br\/?p=4374"},"modified":"2024-01-18T13:09:00","modified_gmt":"2024-01-18T16:09:00","slug":"menino-edson-davi-completa-duas-semanas-desaparecido-no-rio-buscas-continuam","status":"publish","type":"post","link":"https:\/\/sgvaimudar.com.br\/index.php\/2024\/01\/18\/menino-edson-davi-completa-duas-semanas-desaparecido-no-rio-buscas-continuam\/","title":{"rendered":"Menino Edson Davi completa duas semanas desaparecido no Rio; buscas continuam"},"content":{"rendered":"\n<p>O desaparecimento do menino Edson Davi, de 6 anos, completa duas semanas nesta quinta-feira (17). A crian\u00e7a sumiu na Praia da Barra da Tijuca, Zona Oeste do Rio de Janeiro, no dia 4 de janeiro, enquanto acompanhava o pai, que trabalha como barraqueiro na praia.<\/p>\n\n\n\n<p>A fam\u00edlia dele e o advogado do caso t\u00eam uma reuni\u00e3o marcada com a titular da Delegacia de Descoberta de Paradeiros (DDPA) na tarde desta quinta-feira (18). Segundo a fam\u00edlia, o advogado quer novas informa\u00e7\u00f5es e acesso \u00e0s imagens de c\u00e2meras analisadas pela pol\u00edcia.<\/p>\n\n\n\n<p>De acordo com a pol\u00edcia, a principal hip\u00f3tese \u00e9 que o garoto tenha se afogado no mar.<\/p>\n\n\n\n<p>Buscas n\u00e3o pararam<br>A Pol\u00edcia Civil ampliou as buscas no mar pelo menino Edson Davi, na semana passada. Um helic\u00f3ptero da pol\u00edcia faz parte do refor\u00e7o.<\/p>\n\n\n\n<p>Ainda que a principal hip\u00f3tese da Delegacia de Descoberta de Paradeiros (DDPA) seja de afogamento, os agentes n\u00e3o deixaram de checar outras linhas de investiga\u00e7\u00e3o. O objetivo \u00e9 esgotar todas as possibilidades, inclusive a de que ele possa ter sido sequestrado.<\/p>\n\n\n\n<p>Nenhuma c\u00e2mera analisada apontou que ele tenha sa\u00eddo da areia, nem que tenha sido levado por algu\u00e9m. No entanto, diariamente, os policiais recebem informa\u00e7\u00f5es de que ele tenha sido visto em algum lugar &#8211; nenhuma se comprovou, at\u00e9 ent\u00e3o.<\/p>\n\n\n\n<h1 class=\"wp-block-heading\">\ud835\ude68\ud835\ude5c\ud835\ude6b\ud835\ude56\ud835\ude5e\ud835\ude62\ud835\ude6a\ud835\ude59\ud835\ude56\ud835\ude67<\/h1>\n\n\n\n<p>\ud835\udc76 \ud835\udc8e\ud835\udc82\ud835\udc8a\ud835\udc90\ud835\udc93 \ud835\udc77\ud835\udc90\ud835\udc93\ud835\udc95\ud835\udc82\ud835\udc8d \ud835\udc85\ud835\udc86 \ud835\udc8f\ud835\udc90\ud835\udc95\ud835\udc8a\ud835\udc84\ud835\udc8a\ud835\udc82\ud835\udc94 \ud835\udc85\ud835\udc82 \ud835\udc84\ud835\udc8a\ud835\udc85\ud835\udc82\ud835\udc85\ud835\udc86.<\/p>\n","protected":false},"excerpt":{"rendered":"<p>O desaparecimento do menino Edson Davi, de 6 anos, completa duas semanas nesta quinta-feira (17). A crian\u00e7a sumiu na Praia&hellip;<\/p>\n","protected":false},"author":2,"featured_media":4375,"comment_status":"open","ping_status":"open","sticky":false,"template":"","format":"standard","meta":{"fifu_image_url":"","fifu_image_alt":"","footnotes":""},"categories":[32],"tags":[],"class_list":["post-4374","post","type-post","status-publish","format-standard","has-post-thumbnail","hentry","category-casos-de-policia"],"_links":{"self":[{"href":"https:\/\/sgvaimudar.com.br\/index.php\/wp-json\/wp\/v2\/posts\/4374","targetHints":{"allow":["GET"]}}],"collection":[{"href":"https:\/\/sgvaimudar.com.br\/index.php\/wp-json\/wp\/v2\/posts"}],"about":[{"href":"https:\/\/sgvaimudar.com.br\/index.php\/wp-json\/wp\/v2\/types\/post"}],"author":[{"embeddable":true,"href":"https:\/\/sgvaimudar.com.br\/index.php\/wp-json\/wp\/v2\/users\/2"}],"replies":[{"embeddable":true,"href":"https:\/\/sgvaimudar.com.br\/index.php\/wp-json\/wp\/v2\/comments?post=4374"}],"version-history":[{"count":1,"href":"https:\/\/sgvaimudar.com.br\/index.php\/wp-json\/wp\/v2\/posts\/4374\/revisions"}],"predecessor-version":[{"id":4376,"href":"https:\/\/sgvaimudar.com.br\/index.php\/wp-json\/wp\/v2\/posts\/4374\/revisions\/4376"}],"wp:featuredmedia":[{"embeddable":true,"href":"https:\/\/sgvaimudar.com.br\/index.php\/wp-json\/wp\/v2\/media\/4375"}],"wp:attachment":[{"href":"https:\/\/sgvaimudar.com.br\/index.php\/wp-json\/wp\/v2\/media?parent=4374"}],"wp:term":[{"taxonomy":"category","embeddable":true,"href":"https:\/\/sgvaimudar.com.br\/index.php\/wp-json\/wp\/v2\/categories?post=4374"},{"taxonomy":"post_tag","embeddable":true,"href":"https:\/\/sgvaimudar.com.br\/index.php\/wp-json\/wp\/v2\/tags?post=4374"}],"curies":[{"name":"wp","href":"https:\/\/api.w.org\/{rel}","templated":true}]}}