{"id":4286,"date":"2024-01-04T18:07:18","date_gmt":"2024-01-04T21:07:18","guid":{"rendered":"https:\/\/sgvaimudar.com.br\/?p=4286"},"modified":"2024-01-04T18:07:18","modified_gmt":"2024-01-04T21:07:18","slug":"troca-de-tiros-entre-pm-e-criminosos-assusta-no-centro-de-niteroi","status":"publish","type":"post","link":"https:\/\/sgvaimudar.com.br\/index.php\/2024\/01\/04\/troca-de-tiros-entre-pm-e-criminosos-assusta-no-centro-de-niteroi\/","title":{"rendered":"Troca de tiros entre PM e criminosos assusta no Centro de Niter\u00f3i"},"content":{"rendered":"\n<p>Um confronto armado ocorreu entre policiais militares do 12\u00ba BPM e criminosos nesta manh\u00e3 de quinta-feira (4), causando apreens\u00e3o entre pedestres e residentes no Morro do Estado, localizado no Centro de Niter\u00f3i, na Regi\u00e3o Metropolitana do Rio.<\/p>\n\n\n\n<p>Segundo informa\u00e7\u00f5es da PM, os agentes estavam no local para investigar uma den\u00fancia, cuja natureza n\u00e3o foi divulgada. Ao chegar, foram alvo de disparos. Ap\u00f3s a situa\u00e7\u00e3o se acalmar, os militares detiveram dois suspeitos ligados ao tr\u00e1fico de drogas.<\/p>\n\n\n\n<p>Na a\u00e7\u00e3o, foram confiscados uma pistola, tr\u00eas r\u00e1dios comunicadores, tr\u00eas granadas, dinheiro em esp\u00e9cie e uma quantidade de subst\u00e2ncias entorpecentes. O ocorrido foi registrado na 76\u00aa DP (Centro de Niter\u00f3i).<\/p>\n\n\n\n<p>Testemunhas relatam que o ataque gerou p\u00e2nico na \u00e1rea, levando muitas pessoas a se jogarem no ch\u00e3o por receio dos tiros. At\u00e9 o momento, n\u00e3o h\u00e1 informa\u00e7\u00f5es sobre feridos.<\/p>\n\n\n\n<h1 class=\"wp-block-heading\">\ud835\ude68\ud835\ude5c\ud835\ude6b\ud835\ude56\ud835\ude5e\ud835\ude62\ud835\ude6a\ud835\ude59\ud835\ude56\ud835\ude67<\/h1>\n\n\n\n<p>\ud835\udc76 \ud835\udc8e\ud835\udc82\ud835\udc8a\ud835\udc90\ud835\udc93 \ud835\udc77\ud835\udc90\ud835\udc93\ud835\udc95\ud835\udc82\ud835\udc8d \ud835\udc85\ud835\udc86 \ud835\udc8f\ud835\udc90\ud835\udc95\ud835\udc8a\ud835\udc84\ud835\udc8a\ud835\udc82\ud835\udc94 \ud835\udc85\ud835\udc82 \ud835\udc84\ud835\udc8a\ud835\udc85\ud835\udc82\ud835\udc85\ud835\udc86.<\/p>\n","protected":false},"excerpt":{"rendered":"<p>Um confronto armado ocorreu entre policiais militares do 12\u00ba BPM e criminosos nesta manh\u00e3 de quinta-feira (4), causando apreens\u00e3o entre&hellip;<\/p>\n","protected":false},"author":2,"featured_media":4287,"comment_status":"open","ping_status":"open","sticky":false,"template":"","format":"standard","meta":{"fifu_image_url":"","fifu_image_alt":"","footnotes":""},"categories":[32],"tags":[],"class_list":["post-4286","post","type-post","status-publish","format-standard","has-post-thumbnail","hentry","category-casos-de-policia"],"_links":{"self":[{"href":"https:\/\/sgvaimudar.com.br\/index.php\/wp-json\/wp\/v2\/posts\/4286","targetHints":{"allow":["GET"]}}],"collection":[{"href":"https:\/\/sgvaimudar.com.br\/index.php\/wp-json\/wp\/v2\/posts"}],"about":[{"href":"https:\/\/sgvaimudar.com.br\/index.php\/wp-json\/wp\/v2\/types\/post"}],"author":[{"embeddable":true,"href":"https:\/\/sgvaimudar.com.br\/index.php\/wp-json\/wp\/v2\/users\/2"}],"replies":[{"embeddable":true,"href":"https:\/\/sgvaimudar.com.br\/index.php\/wp-json\/wp\/v2\/comments?post=4286"}],"version-history":[{"count":1,"href":"https:\/\/sgvaimudar.com.br\/index.php\/wp-json\/wp\/v2\/posts\/4286\/revisions"}],"predecessor-version":[{"id":4288,"href":"https:\/\/sgvaimudar.com.br\/index.php\/wp-json\/wp\/v2\/posts\/4286\/revisions\/4288"}],"wp:featuredmedia":[{"embeddable":true,"href":"https:\/\/sgvaimudar.com.br\/index.php\/wp-json\/wp\/v2\/media\/4287"}],"wp:attachment":[{"href":"https:\/\/sgvaimudar.com.br\/index.php\/wp-json\/wp\/v2\/media?parent=4286"}],"wp:term":[{"taxonomy":"category","embeddable":true,"href":"https:\/\/sgvaimudar.com.br\/index.php\/wp-json\/wp\/v2\/categories?post=4286"},{"taxonomy":"post_tag","embeddable":true,"href":"https:\/\/sgvaimudar.com.br\/index.php\/wp-json\/wp\/v2\/tags?post=4286"}],"curies":[{"name":"wp","href":"https:\/\/api.w.org\/{rel}","templated":true}]}}