{"id":4259,"date":"2023-12-31T21:44:06","date_gmt":"2024-01-01T00:44:06","guid":{"rendered":"https:\/\/sgvaimudar.com.br\/?p=4259"},"modified":"2023-12-31T21:44:07","modified_gmt":"2024-01-01T00:44:07","slug":"piloto-de-paramotor-cai-no-mar-em-marica-e-morre-afogado","status":"publish","type":"post","link":"https:\/\/sgvaimudar.com.br\/index.php\/2023\/12\/31\/piloto-de-paramotor-cai-no-mar-em-marica-e-morre-afogado\/","title":{"rendered":"Piloto de paramotor cai no mar em Maric\u00e1 e morre afogado"},"content":{"rendered":"\n<p>Um piloto de paramotor morreu afogado na tarde deste s\u00e1bado (30) ao cair no mar da praia da Restinga, em Maric\u00e1, na Regi\u00e3o Metropolitana do Rio.<\/p>\n\n\n\n<p>O acidente aconteceu por volta das 16h, pr\u00f3ximo a rua 1. Segundo o Corpo de Bombeiros, o homem, de 45 anos, chegou a ser retirado da \u00e1gua pelos guarda vidas da Defesa Civil. O g1 tenta confirmar o nome da v\u00edtima.<\/p>\n\n\n\n<p>Manobras de ressuscita\u00e7\u00e3o cardiopulmonar (RCP) chegaram a ser realizadas, o helic\u00f3ptero m\u00e9dico dos Bombeiros foi acionado, mas a v\u00edtima morreu ainda na praia.<\/p>\n\n\n\n<p>Ainda de acordo com a corpora\u00e7\u00e3o, a queda foi de uma altura de aproximadamente tr\u00eas metros metros de altura e a v\u00edtima ficou enrolada nas cordas do parapente.<\/p>\n\n\n\n<p>Segunda a Prefeitura, o acidente foi visto pelos agentes do posto de salvamento da Rua Zero, na Barra de Maric\u00e1. Ao todo, 13 agentes da Defesa Civil atuaram no resgate do piloto.<\/p>\n\n\n\n<p>O corpo foi levado pelo rabec\u00e3o e levado para o Instituto M\u00e9dico Legal (IML).<\/p>\n\n\n\n<h1 class=\"wp-block-heading\">\ud835\ude68\ud835\ude5c\ud835\ude6b\ud835\ude56\ud835\ude5e\ud835\ude62\ud835\ude6a\ud835\ude59\ud835\ude56\ud835\ude67<\/h1>\n\n\n\n<p>\ud835\udc76 \ud835\udc8e\ud835\udc82\ud835\udc8a\ud835\udc90\ud835\udc93 \ud835\udc77\ud835\udc90\ud835\udc93\ud835\udc95\ud835\udc82\ud835\udc8d \ud835\udc85\ud835\udc86 \ud835\udc8f\ud835\udc90\ud835\udc95\ud835\udc8a\ud835\udc84\ud835\udc8a\ud835\udc82\ud835\udc94 \ud835\udc85\ud835\udc82 \ud835\udc84\ud835\udc8a\ud835\udc85\ud835\udc82\ud835\udc85\ud835\udc86.<\/p>\n","protected":false},"excerpt":{"rendered":"<p>Um piloto de paramotor morreu afogado na tarde deste s\u00e1bado (30) ao cair no mar da praia da Restinga, em&hellip;<\/p>\n","protected":false},"author":2,"featured_media":4260,"comment_status":"open","ping_status":"open","sticky":false,"template":"","format":"standard","meta":{"fifu_image_url":"","fifu_image_alt":"","footnotes":""},"categories":[32],"tags":[],"class_list":["post-4259","post","type-post","status-publish","format-standard","has-post-thumbnail","hentry","category-casos-de-policia"],"_links":{"self":[{"href":"https:\/\/sgvaimudar.com.br\/index.php\/wp-json\/wp\/v2\/posts\/4259","targetHints":{"allow":["GET"]}}],"collection":[{"href":"https:\/\/sgvaimudar.com.br\/index.php\/wp-json\/wp\/v2\/posts"}],"about":[{"href":"https:\/\/sgvaimudar.com.br\/index.php\/wp-json\/wp\/v2\/types\/post"}],"author":[{"embeddable":true,"href":"https:\/\/sgvaimudar.com.br\/index.php\/wp-json\/wp\/v2\/users\/2"}],"replies":[{"embeddable":true,"href":"https:\/\/sgvaimudar.com.br\/index.php\/wp-json\/wp\/v2\/comments?post=4259"}],"version-history":[{"count":1,"href":"https:\/\/sgvaimudar.com.br\/index.php\/wp-json\/wp\/v2\/posts\/4259\/revisions"}],"predecessor-version":[{"id":4261,"href":"https:\/\/sgvaimudar.com.br\/index.php\/wp-json\/wp\/v2\/posts\/4259\/revisions\/4261"}],"wp:featuredmedia":[{"embeddable":true,"href":"https:\/\/sgvaimudar.com.br\/index.php\/wp-json\/wp\/v2\/media\/4260"}],"wp:attachment":[{"href":"https:\/\/sgvaimudar.com.br\/index.php\/wp-json\/wp\/v2\/media?parent=4259"}],"wp:term":[{"taxonomy":"category","embeddable":true,"href":"https:\/\/sgvaimudar.com.br\/index.php\/wp-json\/wp\/v2\/categories?post=4259"},{"taxonomy":"post_tag","embeddable":true,"href":"https:\/\/sgvaimudar.com.br\/index.php\/wp-json\/wp\/v2\/tags?post=4259"}],"curies":[{"name":"wp","href":"https:\/\/api.w.org\/{rel}","templated":true}]}}