{"id":4237,"date":"2023-12-27T18:59:57","date_gmt":"2023-12-27T21:59:57","guid":{"rendered":"https:\/\/sgvaimudar.com.br\/?p=4237"},"modified":"2023-12-27T18:59:58","modified_gmt":"2023-12-27T21:59:58","slug":"idoso-e-baleado-em-tentativa-de-assalto-em-sao-goncalo","status":"publish","type":"post","link":"https:\/\/sgvaimudar.com.br\/index.php\/2023\/12\/27\/idoso-e-baleado-em-tentativa-de-assalto-em-sao-goncalo\/","title":{"rendered":"Idoso \u00e9 baleado em tentativa de assalto  em S\u00e3o Gon\u00e7alo"},"content":{"rendered":"\n<p>Um indiv\u00edduo de 67 anos foi alvejado na tarde desta quarta-feira (27) no bairro Coelho, em S\u00e3o Gon\u00e7alo. De acordo com testemunhas, ele foi ferido durante uma tentativa de assalto por suspeitos armados na \u00e1rea. O ferido foi encaminhado ao Hospital Estadual Alberto Torres (HEAT) no Coluband\u00ea.<\/p>\n\n\n\n<p>A Pol\u00edcia Militar foi notificada para investigar o incidente envolvendo o idoso que deu entrada na unidade nesta tarde. As equipes do 7\u00ba BPM (S\u00e3o Gon\u00e7alo) est\u00e3o em processo de apura\u00e7\u00e3o, mas at\u00e9 o momento n\u00e3o disp\u00f5em de informa\u00e7\u00f5es sobre o autor dos disparos. N\u00e3o h\u00e1 registros de opera\u00e7\u00f5es policiais ou tiroteios na regi\u00e3o nesta quarta-feira (27).<\/p>\n\n\n\n<p>A situa\u00e7\u00e3o est\u00e1 em desenvolvimento, e o idoso est\u00e1 recebendo atendimento no HEAT. N\u00e3o h\u00e1 informa\u00e7\u00f5es atualizadas sobre seu estado de sa\u00fade at\u00e9 o momento.<\/p>\n\n\n\n<h1 class=\"wp-block-heading\">\ud835\ude68\ud835\ude5c\ud835\ude6b\ud835\ude56\ud835\ude5e\ud835\ude62\ud835\ude6a\ud835\ude59\ud835\ude56\ud835\ude67<\/h1>\n\n\n\n<p>\ud835\udc76 \ud835\udc8e\ud835\udc82\ud835\udc8a\ud835\udc90\ud835\udc93 \ud835\udc77\ud835\udc90\ud835\udc93\ud835\udc95\ud835\udc82\ud835\udc8d \ud835\udc85\ud835\udc86 \ud835\udc8f\ud835\udc90\ud835\udc95\ud835\udc8a\ud835\udc84\ud835\udc8a\ud835\udc82\ud835\udc94 \ud835\udc85\ud835\udc82 \ud835\udc84\ud835\udc8a\ud835\udc85\ud835\udc82\ud835\udc85\ud835\udc86.<\/p>\n","protected":false},"excerpt":{"rendered":"<p>Um indiv\u00edduo de 67 anos foi alvejado na tarde desta quarta-feira (27) no bairro Coelho, em S\u00e3o Gon\u00e7alo. De acordo&hellip;<\/p>\n","protected":false},"author":2,"featured_media":4238,"comment_status":"open","ping_status":"open","sticky":false,"template":"","format":"standard","meta":{"fifu_image_url":"","fifu_image_alt":"","footnotes":""},"categories":[3],"tags":[],"class_list":["post-4237","post","type-post","status-publish","format-standard","has-post-thumbnail","hentry","category-sao-goncalo"],"_links":{"self":[{"href":"https:\/\/sgvaimudar.com.br\/index.php\/wp-json\/wp\/v2\/posts\/4237","targetHints":{"allow":["GET"]}}],"collection":[{"href":"https:\/\/sgvaimudar.com.br\/index.php\/wp-json\/wp\/v2\/posts"}],"about":[{"href":"https:\/\/sgvaimudar.com.br\/index.php\/wp-json\/wp\/v2\/types\/post"}],"author":[{"embeddable":true,"href":"https:\/\/sgvaimudar.com.br\/index.php\/wp-json\/wp\/v2\/users\/2"}],"replies":[{"embeddable":true,"href":"https:\/\/sgvaimudar.com.br\/index.php\/wp-json\/wp\/v2\/comments?post=4237"}],"version-history":[{"count":1,"href":"https:\/\/sgvaimudar.com.br\/index.php\/wp-json\/wp\/v2\/posts\/4237\/revisions"}],"predecessor-version":[{"id":4239,"href":"https:\/\/sgvaimudar.com.br\/index.php\/wp-json\/wp\/v2\/posts\/4237\/revisions\/4239"}],"wp:featuredmedia":[{"embeddable":true,"href":"https:\/\/sgvaimudar.com.br\/index.php\/wp-json\/wp\/v2\/media\/4238"}],"wp:attachment":[{"href":"https:\/\/sgvaimudar.com.br\/index.php\/wp-json\/wp\/v2\/media?parent=4237"}],"wp:term":[{"taxonomy":"category","embeddable":true,"href":"https:\/\/sgvaimudar.com.br\/index.php\/wp-json\/wp\/v2\/categories?post=4237"},{"taxonomy":"post_tag","embeddable":true,"href":"https:\/\/sgvaimudar.com.br\/index.php\/wp-json\/wp\/v2\/tags?post=4237"}],"curies":[{"name":"wp","href":"https:\/\/api.w.org\/{rel}","templated":true}]}}