{"id":4208,"date":"2023-12-23T20:51:23","date_gmt":"2023-12-23T23:51:23","guid":{"rendered":"https:\/\/sgvaimudar.com.br\/?p=4208"},"modified":"2023-12-23T20:51:24","modified_gmt":"2023-12-23T23:51:24","slug":"tres-criancas-desaparecidas-na-vila-kennedy-sao-localizadas-na-avenida-brasil","status":"publish","type":"post","link":"https:\/\/sgvaimudar.com.br\/index.php\/2023\/12\/23\/tres-criancas-desaparecidas-na-vila-kennedy-sao-localizadas-na-avenida-brasil\/","title":{"rendered":"Tr\u00eas crian\u00e7as desaparecidas na Vila Kennedy s\u00e3o localizadas na Avenida Brasil"},"content":{"rendered":"\n<p>Rio &#8211; Tr\u00eas crian\u00e7as desapareceram, nesta quinta-feira (21), na Vila Kennedy, Zona Oeste do Rio, e foram localizadas nesta sexta (22), por um amigo do pai delas. Os menores, duas meninas e um menino, de 6, 10 e 12 anos, est\u00e3o em um abrigo ap\u00f3s passar pelo Conselho Tutelar de Campo Grande, que analisa o caso.<br>Segundo o pai delas, Rafael Souza de Lima, 42, as crian\u00e7as sumiram por volta das 12h, quando ele saiu para ir ao mercado e ficou fora por menos de uma hora. Ao chegar em caso, ele n\u00e3o encontrou os filhos e come\u00e7ou a procur\u00e1-los. O caso foi registrado inicialmente na 34\u00aa DP (Bangu) e depois repassado para a Delegacia de Descoberta de Paradeiros (DDPA). As tr\u00eas crian\u00e7as foram localizadas gra\u00e7as a imagens de c\u00e2meras de seguran\u00e7a de um mercado e de uma oficina da regi\u00e3o, gravadas por volta de 12h45.<br>Ainda na tarde de quinta, um homem localizou as crian\u00e7as na Avenida Brasil e as levou para o Conselho Tutelar de Campo Grande. Na tarde de sexta, um amigo de Rafael conseguiu identific\u00e1-las na institui\u00e7\u00e3o, que as encaminhou a um abrigo.<\/p>\n\n\n\n<h1 class=\"wp-block-heading\">\ud835\ude68\ud835\ude5c\ud835\ude6b\ud835\ude56\ud835\ude5e\ud835\ude62\ud835\ude6a\ud835\ude59\ud835\ude56\ud835\ude67<\/h1>\n\n\n\n<p>\ud835\udc76 \ud835\udc8e\ud835\udc82\ud835\udc8a\ud835\udc90\ud835\udc93 \ud835\udc77\ud835\udc90\ud835\udc93\ud835\udc95\ud835\udc82\ud835\udc8d \ud835\udc85\ud835\udc86 \ud835\udc8f\ud835\udc90\ud835\udc95\ud835\udc8a\ud835\udc84\ud835\udc8a\ud835\udc82\ud835\udc94 \ud835\udc85\ud835\udc82 \ud835\udc84\ud835\udc8a\ud835\udc85\ud835\udc82\ud835\udc85\ud835\udc86.<\/p>\n","protected":false},"excerpt":{"rendered":"<p>Rio &#8211; Tr\u00eas crian\u00e7as desapareceram, nesta quinta-feira (21), na Vila Kennedy, Zona Oeste do Rio, e foram localizadas nesta sexta&hellip;<\/p>\n","protected":false},"author":2,"featured_media":4209,"comment_status":"open","ping_status":"open","sticky":false,"template":"","format":"standard","meta":{"fifu_image_url":"","fifu_image_alt":"","footnotes":""},"categories":[32],"tags":[],"class_list":["post-4208","post","type-post","status-publish","format-standard","has-post-thumbnail","hentry","category-casos-de-policia"],"_links":{"self":[{"href":"https:\/\/sgvaimudar.com.br\/index.php\/wp-json\/wp\/v2\/posts\/4208","targetHints":{"allow":["GET"]}}],"collection":[{"href":"https:\/\/sgvaimudar.com.br\/index.php\/wp-json\/wp\/v2\/posts"}],"about":[{"href":"https:\/\/sgvaimudar.com.br\/index.php\/wp-json\/wp\/v2\/types\/post"}],"author":[{"embeddable":true,"href":"https:\/\/sgvaimudar.com.br\/index.php\/wp-json\/wp\/v2\/users\/2"}],"replies":[{"embeddable":true,"href":"https:\/\/sgvaimudar.com.br\/index.php\/wp-json\/wp\/v2\/comments?post=4208"}],"version-history":[{"count":1,"href":"https:\/\/sgvaimudar.com.br\/index.php\/wp-json\/wp\/v2\/posts\/4208\/revisions"}],"predecessor-version":[{"id":4210,"href":"https:\/\/sgvaimudar.com.br\/index.php\/wp-json\/wp\/v2\/posts\/4208\/revisions\/4210"}],"wp:featuredmedia":[{"embeddable":true,"href":"https:\/\/sgvaimudar.com.br\/index.php\/wp-json\/wp\/v2\/media\/4209"}],"wp:attachment":[{"href":"https:\/\/sgvaimudar.com.br\/index.php\/wp-json\/wp\/v2\/media?parent=4208"}],"wp:term":[{"taxonomy":"category","embeddable":true,"href":"https:\/\/sgvaimudar.com.br\/index.php\/wp-json\/wp\/v2\/categories?post=4208"},{"taxonomy":"post_tag","embeddable":true,"href":"https:\/\/sgvaimudar.com.br\/index.php\/wp-json\/wp\/v2\/tags?post=4208"}],"curies":[{"name":"wp","href":"https:\/\/api.w.org\/{rel}","templated":true}]}}