{"id":4165,"date":"2023-12-16T11:16:01","date_gmt":"2023-12-16T14:16:01","guid":{"rendered":"https:\/\/sgvaimudar.com.br\/?p=4165"},"modified":"2023-12-16T11:16:02","modified_gmt":"2023-12-16T14:16:02","slug":"homem-e-preso-apos-agredir-brutalmente-o-proprio-cachorro-na-venda-da-cruz","status":"publish","type":"post","link":"https:\/\/sgvaimudar.com.br\/index.php\/2023\/12\/16\/homem-e-preso-apos-agredir-brutalmente-o-proprio-cachorro-na-venda-da-cruz\/","title":{"rendered":"Homem \u00e9 preso ap\u00f3s agredir brutalmente o pr\u00f3prio cachorro na Venda da Cruz"},"content":{"rendered":"\n<p>Um indiv\u00edduo foi detido na noite de sexta-feira (15) ap\u00f3s cruelmente agredir seu pr\u00f3prio cachorro com uma barra de ferro no bairro Venda da Cruz, em S\u00e3o Gon\u00e7alo. Um vizinho registrou a cena de tortura com um celular. O homem foi conduzido pela Pol\u00edcia Militar \u00e0 73\u00aa Delegacia Policial (DP) de Neves, ap\u00f3s den\u00fancias de agress\u00e3o ao animal. O vereador Rom\u00e1rio R\u00e9gis (PDT) esteve presente, repudiando a viol\u00eancia e buscando garantir um ambiente seguro para o cachorro.<\/p>\n\n\n\n<h1 class=\"wp-block-heading\">\ud835\ude68\ud835\ude5c\ud835\ude6b\ud835\ude56\ud835\ude5e\ud835\ude62\ud835\ude6a\ud835\ude59\ud835\ude56\ud835\ude67<\/h1>\n\n\n\n<p>\ud835\udc76 \ud835\udc8e\ud835\udc82\ud835\udc8a\ud835\udc90\ud835\udc93 \ud835\udc77\ud835\udc90\ud835\udc93\ud835\udc95\ud835\udc82\ud835\udc8d \ud835\udc85\ud835\udc86 \ud835\udc8f\ud835\udc90\ud835\udc95\ud835\udc8a\ud835\udc84\ud835\udc8a\ud835\udc82\ud835\udc94 \ud835\udc85\ud835\udc82 \ud835\udc84\ud835\udc8a\ud835\udc85\ud835\udc82\ud835\udc85\ud835\udc86.<\/p>\n","protected":false},"excerpt":{"rendered":"<p>Um indiv\u00edduo foi detido na noite de sexta-feira (15) ap\u00f3s cruelmente agredir seu pr\u00f3prio cachorro com uma barra de ferro&hellip;<\/p>\n","protected":false},"author":2,"featured_media":4166,"comment_status":"open","ping_status":"open","sticky":false,"template":"","format":"standard","meta":{"fifu_image_url":"","fifu_image_alt":"","footnotes":""},"categories":[32,3],"tags":[],"class_list":["post-4165","post","type-post","status-publish","format-standard","has-post-thumbnail","hentry","category-casos-de-policia","category-sao-goncalo"],"_links":{"self":[{"href":"https:\/\/sgvaimudar.com.br\/index.php\/wp-json\/wp\/v2\/posts\/4165","targetHints":{"allow":["GET"]}}],"collection":[{"href":"https:\/\/sgvaimudar.com.br\/index.php\/wp-json\/wp\/v2\/posts"}],"about":[{"href":"https:\/\/sgvaimudar.com.br\/index.php\/wp-json\/wp\/v2\/types\/post"}],"author":[{"embeddable":true,"href":"https:\/\/sgvaimudar.com.br\/index.php\/wp-json\/wp\/v2\/users\/2"}],"replies":[{"embeddable":true,"href":"https:\/\/sgvaimudar.com.br\/index.php\/wp-json\/wp\/v2\/comments?post=4165"}],"version-history":[{"count":1,"href":"https:\/\/sgvaimudar.com.br\/index.php\/wp-json\/wp\/v2\/posts\/4165\/revisions"}],"predecessor-version":[{"id":4167,"href":"https:\/\/sgvaimudar.com.br\/index.php\/wp-json\/wp\/v2\/posts\/4165\/revisions\/4167"}],"wp:featuredmedia":[{"embeddable":true,"href":"https:\/\/sgvaimudar.com.br\/index.php\/wp-json\/wp\/v2\/media\/4166"}],"wp:attachment":[{"href":"https:\/\/sgvaimudar.com.br\/index.php\/wp-json\/wp\/v2\/media?parent=4165"}],"wp:term":[{"taxonomy":"category","embeddable":true,"href":"https:\/\/sgvaimudar.com.br\/index.php\/wp-json\/wp\/v2\/categories?post=4165"},{"taxonomy":"post_tag","embeddable":true,"href":"https:\/\/sgvaimudar.com.br\/index.php\/wp-json\/wp\/v2\/tags?post=4165"}],"curies":[{"name":"wp","href":"https:\/\/api.w.org\/{rel}","templated":true}]}}