{"id":4149,"date":"2023-12-11T19:40:47","date_gmt":"2023-12-11T22:40:47","guid":{"rendered":"https:\/\/sgvaimudar.com.br\/?p=4149"},"modified":"2023-12-11T19:40:47","modified_gmt":"2023-12-11T22:40:47","slug":"policia-prende-no-complexo-do-salgueiro-acusado-de-crime-que-chocou-sg","status":"publish","type":"post","link":"https:\/\/sgvaimudar.com.br\/index.php\/2023\/12\/11\/policia-prende-no-complexo-do-salgueiro-acusado-de-crime-que-chocou-sg\/","title":{"rendered":"Pol\u00edcia prende no Complexo do Salgueiro acusado de crime que chocou SG"},"content":{"rendered":"\n<p>Policiais civis da 39\u00aa DP (Pavuna) prenderam, nesta segunda-feira (11\/12), um homem acusado de matar um taxista. Ele foi capturado enquanto se deslocava pelo munic\u00edpio de S\u00e3o Gon\u00e7alo, na Regi\u00e3o Metropolitana do Rio de Janeiro.<\/p>\n\n\n\n<p>O crime foi praticado em novembro de 2021. Segundo as investiga\u00e7\u00f5es, o taxista Francisco Moreira estava em um ponto de S\u00e3o Gon\u00e7alo, quando dois homens solicitaram uma corrida. Durante o percurso, os autores anunciaram o assalto, sequestraram a v\u00edtima e realizaram diversas compras com os cart\u00f5es banc\u00e1rios dele.<\/p>\n\n\n\n<p>Em determinado momento, o detido, \u00e0 \u00e9poca menor de idade, disparou contra o motorista, arremessando-o em via p\u00fablica. A v\u00edtima chegou a ser socorrida, mas n\u00e3o resistiu aos ferimentos. Os acusados abandonaram o ve\u00edculo e fugiram por uma regi\u00e3o de mata com os pertences do taxista. Devido \u00e0 brutalidade, o crime ganhou repercuss\u00e3o e causou grande como\u00e7\u00e3o, na \u00e9poca.<\/p>\n\n\n\n<p>A 39\u00aa DP realizou intenso trabalho de investiga\u00e7\u00e3o e monitoramento por cerca de 20 dias, e diligenciou at\u00e9 o bairro de Ita\u00fana, nas imedia\u00e7\u00f5es do Complexo do Salgueiro. Os agentes permaneceram em campana at\u00e9 localizarem e capturarem o alvo. Contra ele, foi cumprido mandado de pris\u00e3o pelo crime de latroc\u00ednio.<\/p>\n\n\n\n<ul class=\"wp-block-list\">\n<li>Em apura\u00e7\u00e3o<br>Fonte: O S\u00e3o Gon\u00e7alo<\/li>\n<\/ul>\n\n\n\n<h1 class=\"wp-block-heading\">\ud835\ude68\ud835\ude5c\ud835\ude6b\ud835\ude56\ud835\ude5e\ud835\ude62\ud835\ude6a\ud835\ude59\ud835\ude56\ud835\ude67<\/h1>\n\n\n\n<p>\ud835\udc76 \ud835\udc8e\ud835\udc82\ud835\udc8a\ud835\udc90\ud835\udc93 \ud835\udc77\ud835\udc90\ud835\udc93\ud835\udc95\ud835\udc82\ud835\udc8d \ud835\udc85\ud835\udc86 \ud835\udc8f\ud835\udc90\ud835\udc95\ud835\udc8a\ud835\udc84\ud835\udc8a\ud835\udc82\ud835\udc94 \ud835\udc85\ud835\udc82 \ud835\udc84\ud835\udc8a\ud835\udc85\ud835\udc82\ud835\udc85\ud835\udc86.<\/p>\n","protected":false},"excerpt":{"rendered":"<p>Policiais civis da 39\u00aa DP (Pavuna) prenderam, nesta segunda-feira (11\/12), um homem acusado de matar um taxista. Ele foi capturado&hellip;<\/p>\n","protected":false},"author":2,"featured_media":4150,"comment_status":"open","ping_status":"open","sticky":false,"template":"","format":"standard","meta":{"fifu_image_url":"","fifu_image_alt":"","footnotes":""},"categories":[32],"tags":[],"class_list":["post-4149","post","type-post","status-publish","format-standard","has-post-thumbnail","hentry","category-casos-de-policia"],"_links":{"self":[{"href":"https:\/\/sgvaimudar.com.br\/index.php\/wp-json\/wp\/v2\/posts\/4149","targetHints":{"allow":["GET"]}}],"collection":[{"href":"https:\/\/sgvaimudar.com.br\/index.php\/wp-json\/wp\/v2\/posts"}],"about":[{"href":"https:\/\/sgvaimudar.com.br\/index.php\/wp-json\/wp\/v2\/types\/post"}],"author":[{"embeddable":true,"href":"https:\/\/sgvaimudar.com.br\/index.php\/wp-json\/wp\/v2\/users\/2"}],"replies":[{"embeddable":true,"href":"https:\/\/sgvaimudar.com.br\/index.php\/wp-json\/wp\/v2\/comments?post=4149"}],"version-history":[{"count":1,"href":"https:\/\/sgvaimudar.com.br\/index.php\/wp-json\/wp\/v2\/posts\/4149\/revisions"}],"predecessor-version":[{"id":4151,"href":"https:\/\/sgvaimudar.com.br\/index.php\/wp-json\/wp\/v2\/posts\/4149\/revisions\/4151"}],"wp:featuredmedia":[{"embeddable":true,"href":"https:\/\/sgvaimudar.com.br\/index.php\/wp-json\/wp\/v2\/media\/4150"}],"wp:attachment":[{"href":"https:\/\/sgvaimudar.com.br\/index.php\/wp-json\/wp\/v2\/media?parent=4149"}],"wp:term":[{"taxonomy":"category","embeddable":true,"href":"https:\/\/sgvaimudar.com.br\/index.php\/wp-json\/wp\/v2\/categories?post=4149"},{"taxonomy":"post_tag","embeddable":true,"href":"https:\/\/sgvaimudar.com.br\/index.php\/wp-json\/wp\/v2\/tags?post=4149"}],"curies":[{"name":"wp","href":"https:\/\/api.w.org\/{rel}","templated":true}]}}