{"id":4142,"date":"2023-12-10T18:50:59","date_gmt":"2023-12-10T21:50:59","guid":{"rendered":"https:\/\/sgvaimudar.com.br\/?p=4142"},"modified":"2023-12-10T18:51:00","modified_gmt":"2023-12-10T21:51:00","slug":"jovem-morre-afogado-ao-sair-para-nadar-com-amigos-em-sg","status":"publish","type":"post","link":"https:\/\/sgvaimudar.com.br\/index.php\/2023\/12\/10\/jovem-morre-afogado-ao-sair-para-nadar-com-amigos-em-sg\/","title":{"rendered":"Jovem morre afogado ao sair para nadar com amigos em SG"},"content":{"rendered":"\n<p>Pedro Kauan, de 14 anos, perdeu a vida ap\u00f3s sair para nadar com amigos na manh\u00e3 de sexta-feira (8) na pedreira do Anaia, em S\u00e3o Gon\u00e7alo. Testemunhas relatam que ele se afogou no local.<\/p>\n\n\n\n<p>De acordo com relatos, o rapaz, que tinha acabado de sair da escola, estava acompanhado de amigos a caminho da pedreira. Todos conseguiram deixar o lago, exceto Kauan.<\/p>\n\n\n\n<p>O Corpo de Bombeiros foi acionado para o resgate \u00e0s 11h02, na Avenida Professora Aida de Souza Faria, no bairro Ipi\u00edba. Infelizmente, ao chegarem ao local, encontraram a v\u00edtima j\u00e1 sem vida.<\/p>\n\n\n\n<p>O corpo de Pedro Kauan foi sepultado na tarde deste domingo (10) no Cemit\u00e9rio Parque da Paz, no Pacheco.<\/p>\n\n\n\n<h1 class=\"wp-block-heading\">\ud835\ude68\ud835\ude5c\ud835\ude6b\ud835\ude56\ud835\ude5e\ud835\ude62\ud835\ude6a\ud835\ude59\ud835\ude56\ud835\ude67<\/h1>\n\n\n\n<p>\ud835\udc76 \ud835\udc8e\ud835\udc82\ud835\udc8a\ud835\udc90\ud835\udc93 \ud835\udc77\ud835\udc90\ud835\udc93\ud835\udc95\ud835\udc82\ud835\udc8d \ud835\udc85\ud835\udc86 \ud835\udc8f\ud835\udc90\ud835\udc95\ud835\udc8a\ud835\udc84\ud835\udc8a\ud835\udc82\ud835\udc94 \ud835\udc85\ud835\udc82 \ud835\udc84\ud835\udc8a\ud835\udc85\ud835\udc82\ud835\udc85\ud835\udc86.<\/p>\n","protected":false},"excerpt":{"rendered":"<p>Pedro Kauan, de 14 anos, perdeu a vida ap\u00f3s sair para nadar com amigos na manh\u00e3 de sexta-feira (8) na&hellip;<\/p>\n","protected":false},"author":2,"featured_media":4143,"comment_status":"open","ping_status":"open","sticky":false,"template":"","format":"standard","meta":{"fifu_image_url":"","fifu_image_alt":"","footnotes":""},"categories":[3],"tags":[],"class_list":["post-4142","post","type-post","status-publish","format-standard","has-post-thumbnail","hentry","category-sao-goncalo"],"_links":{"self":[{"href":"https:\/\/sgvaimudar.com.br\/index.php\/wp-json\/wp\/v2\/posts\/4142","targetHints":{"allow":["GET"]}}],"collection":[{"href":"https:\/\/sgvaimudar.com.br\/index.php\/wp-json\/wp\/v2\/posts"}],"about":[{"href":"https:\/\/sgvaimudar.com.br\/index.php\/wp-json\/wp\/v2\/types\/post"}],"author":[{"embeddable":true,"href":"https:\/\/sgvaimudar.com.br\/index.php\/wp-json\/wp\/v2\/users\/2"}],"replies":[{"embeddable":true,"href":"https:\/\/sgvaimudar.com.br\/index.php\/wp-json\/wp\/v2\/comments?post=4142"}],"version-history":[{"count":1,"href":"https:\/\/sgvaimudar.com.br\/index.php\/wp-json\/wp\/v2\/posts\/4142\/revisions"}],"predecessor-version":[{"id":4144,"href":"https:\/\/sgvaimudar.com.br\/index.php\/wp-json\/wp\/v2\/posts\/4142\/revisions\/4144"}],"wp:featuredmedia":[{"embeddable":true,"href":"https:\/\/sgvaimudar.com.br\/index.php\/wp-json\/wp\/v2\/media\/4143"}],"wp:attachment":[{"href":"https:\/\/sgvaimudar.com.br\/index.php\/wp-json\/wp\/v2\/media?parent=4142"}],"wp:term":[{"taxonomy":"category","embeddable":true,"href":"https:\/\/sgvaimudar.com.br\/index.php\/wp-json\/wp\/v2\/categories?post=4142"},{"taxonomy":"post_tag","embeddable":true,"href":"https:\/\/sgvaimudar.com.br\/index.php\/wp-json\/wp\/v2\/tags?post=4142"}],"curies":[{"name":"wp","href":"https:\/\/api.w.org\/{rel}","templated":true}]}}