{"id":4139,"date":"2023-12-10T12:34:49","date_gmt":"2023-12-10T15:34:49","guid":{"rendered":"https:\/\/sgvaimudar.com.br\/?p=4139"},"modified":"2023-12-10T12:34:49","modified_gmt":"2023-12-10T15:34:49","slug":"pesquisa-inedita-mostra-que-mais-da-metade-dos-brasileiros-ja-foi-assaltada-maioria-ve-piora-na-seguranca","status":"publish","type":"post","link":"https:\/\/sgvaimudar.com.br\/index.php\/2023\/12\/10\/pesquisa-inedita-mostra-que-mais-da-metade-dos-brasileiros-ja-foi-assaltada-maioria-ve-piora-na-seguranca\/","title":{"rendered":"Pesquisa in\u00e9dita mostra que mais da metade dos brasileiros j\u00e1 foi assaltada; maioria v\u00ea piora na seguran\u00e7a"},"content":{"rendered":"\n<p>Tema que \u00e9 considerado um dos mais sens\u00edveis para o governo Lula (PT), a ponto de avaliar a cria\u00e7\u00e3o de um minist\u00e9rio espec\u00edfico para o setor, a seguran\u00e7a p\u00fablica \u00e9 um problema que amedronta cada vez mais a popula\u00e7\u00e3o, segundo uma pesquisa in\u00e9dita da Quaest em parceria com a Universidade Federal de Minas Gerais. O levantamento mostrou que mais da metade dos brasileiros (51%) afirma j\u00e1 ter sido assaltada, furtada ou roubada ao menos uma vez na vida. O \u00edndice salta para 85% quando os entrevistados s\u00e3o perguntados se conhecem algu\u00e9m que foi v\u00edtima desses crimes.<\/p>\n\n\n\n<p>O levantamento aponta que a sensa\u00e7\u00e3o de inseguran\u00e7a cresceu na avalia\u00e7\u00e3o da popula\u00e7\u00e3o. Oito em cada dez brasileiros veem agravamento da viol\u00eancia no pa\u00eds em 12 meses \u2014 per\u00edodo que coincide com as posses dos governadores e do presidente Luiz In\u00e1cio Lula da Silva.<\/p>\n\n\n\n<p>A mesma fatia (81%) avalia que a seguran\u00e7a p\u00fablica e o crime organizado s\u00e3o problemas nacionais e as fac\u00e7\u00f5es t\u00eam ganhado for\u00e7a (83%). A pesquisa ouviu presencialmente 2.007 moradores de todas as regi\u00f5es, entre 10 e 16 de novembro, e tem margem de erro de 2,2 pontos percentuais.<\/p>\n\n\n\n<h1 class=\"wp-block-heading\">\ud835\ude68\ud835\ude5c\ud835\ude6b\ud835\ude56\ud835\ude5e\ud835\ude62\ud835\ude6a\ud835\ude59\ud835\ude56\ud835\ude67<\/h1>\n\n\n\n<p>\ud835\udc76 \ud835\udc8e\ud835\udc82\ud835\udc8a\ud835\udc90\ud835\udc93 \ud835\udc77\ud835\udc90\ud835\udc93\ud835\udc95\ud835\udc82\ud835\udc8d \ud835\udc85\ud835\udc86 \ud835\udc8f\ud835\udc90\ud835\udc95\ud835\udc8a\ud835\udc84\ud835\udc8a\ud835\udc82\ud835\udc94 \ud835\udc85\ud835\udc82 \ud835\udc84\ud835\udc8a\ud835\udc85\ud835\udc82\ud835\udc85\ud835\udc86.<\/p>\n","protected":false},"excerpt":{"rendered":"<p>Tema que \u00e9 considerado um dos mais sens\u00edveis para o governo Lula (PT), a ponto de avaliar a cria\u00e7\u00e3o de&hellip;<\/p>\n","protected":false},"author":2,"featured_media":4140,"comment_status":"open","ping_status":"open","sticky":false,"template":"","format":"standard","meta":{"fifu_image_url":"","fifu_image_alt":"","footnotes":""},"categories":[4],"tags":[],"class_list":["post-4139","post","type-post","status-publish","format-standard","has-post-thumbnail","hentry","category-brasil"],"_links":{"self":[{"href":"https:\/\/sgvaimudar.com.br\/index.php\/wp-json\/wp\/v2\/posts\/4139","targetHints":{"allow":["GET"]}}],"collection":[{"href":"https:\/\/sgvaimudar.com.br\/index.php\/wp-json\/wp\/v2\/posts"}],"about":[{"href":"https:\/\/sgvaimudar.com.br\/index.php\/wp-json\/wp\/v2\/types\/post"}],"author":[{"embeddable":true,"href":"https:\/\/sgvaimudar.com.br\/index.php\/wp-json\/wp\/v2\/users\/2"}],"replies":[{"embeddable":true,"href":"https:\/\/sgvaimudar.com.br\/index.php\/wp-json\/wp\/v2\/comments?post=4139"}],"version-history":[{"count":1,"href":"https:\/\/sgvaimudar.com.br\/index.php\/wp-json\/wp\/v2\/posts\/4139\/revisions"}],"predecessor-version":[{"id":4141,"href":"https:\/\/sgvaimudar.com.br\/index.php\/wp-json\/wp\/v2\/posts\/4139\/revisions\/4141"}],"wp:featuredmedia":[{"embeddable":true,"href":"https:\/\/sgvaimudar.com.br\/index.php\/wp-json\/wp\/v2\/media\/4140"}],"wp:attachment":[{"href":"https:\/\/sgvaimudar.com.br\/index.php\/wp-json\/wp\/v2\/media?parent=4139"}],"wp:term":[{"taxonomy":"category","embeddable":true,"href":"https:\/\/sgvaimudar.com.br\/index.php\/wp-json\/wp\/v2\/categories?post=4139"},{"taxonomy":"post_tag","embeddable":true,"href":"https:\/\/sgvaimudar.com.br\/index.php\/wp-json\/wp\/v2\/tags?post=4139"}],"curies":[{"name":"wp","href":"https:\/\/api.w.org\/{rel}","templated":true}]}}