{"id":4132,"date":"2023-12-09T18:12:54","date_gmt":"2023-12-09T21:12:54","guid":{"rendered":"https:\/\/sgvaimudar.com.br\/?p=4132"},"modified":"2023-12-09T18:12:54","modified_gmt":"2023-12-09T21:12:54","slug":"angra-dos-reis-decreta-situacao-de-emergencia-apos-chuvas-que-deixaram-mortos-e-desabrigados","status":"publish","type":"post","link":"https:\/\/sgvaimudar.com.br\/index.php\/2023\/12\/09\/angra-dos-reis-decreta-situacao-de-emergencia-apos-chuvas-que-deixaram-mortos-e-desabrigados\/","title":{"rendered":"Angra dos Reis decreta situa\u00e7\u00e3o de emerg\u00eancia ap\u00f3s chuvas que deixaram mortos e desabrigados"},"content":{"rendered":"\n<p>Rio &#8211; A Prefeitura de Angra dos Reis decretou, no in\u00edcio da tarde deste s\u00e1bado (9), situa\u00e7\u00e3o de emerg\u00eancia por conta da destrui\u00e7\u00e3o causada pelas fortes chuvas que ca\u00edram no munic\u00edpio da Costa Verde, totalizando um \u00edndice pluviom\u00e9trico de 250 mm em menos de 24 horas. No bairro do Bracu\u00ed, 314 moradores ficaram desabrigados e um casal de idosos morreu em um asilo.<br>O decreto, publicado em Boletim Oficial, ser\u00e1 v\u00e1lido por 180 dias. Nesse per\u00edodo, o munic\u00edpio fica autorizado a convocar volunt\u00e1rios para refor\u00e7ar as a\u00e7\u00f5es de resposta ao desastre, realizar campanhas de arrecada\u00e7\u00e3o de recursos junto \u00e0 comunidade e autorizar agentes da Defesa Civil a entrarem em casas para prestar socorro ou determinar a pronta evacua\u00e7\u00e3o.<\/p>\n\n\n\n<p>De acordo com a prefeitura, equipes est\u00e3o h\u00e1 mais de 15 horas nas ruas com suporte de maquin\u00e1rio e trabalhadores para limpeza e desobstru\u00e7\u00e3o das vias, al\u00e9m de prestar apoio \u00e0 popula\u00e7\u00e3o.<br>O munic\u00edpio est\u00e1 recebendo doa\u00e7\u00f5es para as fam\u00edlias desabrigadas, que foram acolhidas na escolas municipais Jos\u00e9 Luiz Ribeiro Reseck, no bairro do Frade, e Regina C\u00e9lia, no Morro do Carmo. \u00c1gua, itens de higiene pessoal, material de limpeza, roupas, len\u00e7ois e alimentos n\u00e3o perec\u00edveis, al\u00e9m de ra\u00e7\u00e3o para pets, podem ser entregues at\u00e9 \u00e0s 17h na Alameda Coronel Ot\u00e1vio Brasil, 253-B, Balne\u00e1rio (Arquivo da Prefeitura).<\/p>\n\n\n\n<h1 class=\"wp-block-heading\">\ud835\ude68\ud835\ude5c\ud835\ude6b\ud835\ude56\ud835\ude5e\ud835\ude62\ud835\ude6a\ud835\ude59\ud835\ude56\ud835\ude67<\/h1>\n\n\n\n<p>\ud835\udc76 \ud835\udc8e\ud835\udc82\ud835\udc8a\ud835\udc90\ud835\udc93 \ud835\udc77\ud835\udc90\ud835\udc93\ud835\udc95\ud835\udc82\ud835\udc8d \ud835\udc85\ud835\udc86 \ud835\udc8f\ud835\udc90\ud835\udc95\ud835\udc8a\ud835\udc84\ud835\udc8a\ud835\udc82\ud835\udc94 \ud835\udc85\ud835\udc82 \ud835\udc84\ud835\udc8a\ud835\udc85\ud835\udc82\ud835\udc85\ud835\udc86.<\/p>\n\n\n\n<figure class=\"wp-block-image size-large\"><img fetchpriority=\"high\" decoding=\"async\" width=\"626\" height=\"1024\" src=\"https:\/\/sgvaimudar.com.br\/wp-content\/uploads\/2023\/12\/InShot_20231209_181029342-626x1024.jpg\" alt=\"\" class=\"wp-image-4134\" srcset=\"https:\/\/sgvaimudar.com.br\/wp-content\/uploads\/2023\/12\/InShot_20231209_181029342-626x1024.jpg 626w, https:\/\/sgvaimudar.com.br\/wp-content\/uploads\/2023\/12\/InShot_20231209_181029342-183x300.jpg 183w, https:\/\/sgvaimudar.com.br\/wp-content\/uploads\/2023\/12\/InShot_20231209_181029342-768x1257.jpg 768w, https:\/\/sgvaimudar.com.br\/wp-content\/uploads\/2023\/12\/InShot_20231209_181029342-939x1536.jpg 939w, https:\/\/sgvaimudar.com.br\/wp-content\/uploads\/2023\/12\/InShot_20231209_181029342-1251x2048.jpg 1251w, https:\/\/sgvaimudar.com.br\/wp-content\/uploads\/2023\/12\/InShot_20231209_181029342-scaled.jpg 1564w\" sizes=\"(max-width: 626px) 100vw, 626px\" \/><\/figure>\n","protected":false},"excerpt":{"rendered":"<p>Rio &#8211; A Prefeitura de Angra dos Reis decretou, no in\u00edcio da tarde deste s\u00e1bado (9), situa\u00e7\u00e3o de emerg\u00eancia por&hellip;<\/p>\n","protected":false},"author":2,"featured_media":4133,"comment_status":"open","ping_status":"open","sticky":false,"template":"","format":"standard","meta":{"fifu_image_url":"","fifu_image_alt":"","footnotes":""},"categories":[4],"tags":[],"class_list":["post-4132","post","type-post","status-publish","format-standard","has-post-thumbnail","hentry","category-brasil"],"_links":{"self":[{"href":"https:\/\/sgvaimudar.com.br\/index.php\/wp-json\/wp\/v2\/posts\/4132","targetHints":{"allow":["GET"]}}],"collection":[{"href":"https:\/\/sgvaimudar.com.br\/index.php\/wp-json\/wp\/v2\/posts"}],"about":[{"href":"https:\/\/sgvaimudar.com.br\/index.php\/wp-json\/wp\/v2\/types\/post"}],"author":[{"embeddable":true,"href":"https:\/\/sgvaimudar.com.br\/index.php\/wp-json\/wp\/v2\/users\/2"}],"replies":[{"embeddable":true,"href":"https:\/\/sgvaimudar.com.br\/index.php\/wp-json\/wp\/v2\/comments?post=4132"}],"version-history":[{"count":1,"href":"https:\/\/sgvaimudar.com.br\/index.php\/wp-json\/wp\/v2\/posts\/4132\/revisions"}],"predecessor-version":[{"id":4135,"href":"https:\/\/sgvaimudar.com.br\/index.php\/wp-json\/wp\/v2\/posts\/4132\/revisions\/4135"}],"wp:featuredmedia":[{"embeddable":true,"href":"https:\/\/sgvaimudar.com.br\/index.php\/wp-json\/wp\/v2\/media\/4133"}],"wp:attachment":[{"href":"https:\/\/sgvaimudar.com.br\/index.php\/wp-json\/wp\/v2\/media?parent=4132"}],"wp:term":[{"taxonomy":"category","embeddable":true,"href":"https:\/\/sgvaimudar.com.br\/index.php\/wp-json\/wp\/v2\/categories?post=4132"},{"taxonomy":"post_tag","embeddable":true,"href":"https:\/\/sgvaimudar.com.br\/index.php\/wp-json\/wp\/v2\/tags?post=4132"}],"curies":[{"name":"wp","href":"https:\/\/api.w.org\/{rel}","templated":true}]}}