{"id":4117,"date":"2023-12-06T13:41:24","date_gmt":"2023-12-06T16:41:24","guid":{"rendered":"https:\/\/sgvaimudar.com.br\/?p=4117"},"modified":"2023-12-06T13:41:25","modified_gmt":"2023-12-06T16:41:25","slug":"morto-e-ferido-apos-tiroteio-no-centro-de-sao-goncalo","status":"publish","type":"post","link":"https:\/\/sgvaimudar.com.br\/index.php\/2023\/12\/06\/morto-e-ferido-apos-tiroteio-no-centro-de-sao-goncalo\/","title":{"rendered":"Morto e ferido ap\u00f3s tiroteio no Centro de S\u00e3o Gon\u00e7alo"},"content":{"rendered":"\n<p>Um indiv\u00edduo perdeu a vida e outro ficou ferido nesta quarta-feira (6) durante um tiroteio no Centro de S\u00e3o Gon\u00e7alo, na Regi\u00e3o Metropolitana do Rio. A raz\u00e3o por tr\u00e1s desse incidente ainda est\u00e1 sendo investigada.<\/p>\n\n\n\n<p>Equipes do Corpo de Bombeiros do quartel do Coluband\u00ea foram acionadas para a Rua Coronel Moreira C\u00e9sar. Jonatas Silva Carmo, de 27 anos, recebeu atendimento no local e foi posteriormente encaminhado para o Hospital Estadual Alberto Torres (Heat) no Coluband\u00ea.<\/p>\n\n\n\n<p>De acordo com a dire\u00e7\u00e3o do Heat, ele deu entrada na unidade de sa\u00fade \u00e0s 8h36 e foi conduzido ao Centro de Trauma. O estado de sa\u00fade n\u00e3o foi divulgado.<\/p>\n\n\n\n<p>A identidade do indiv\u00edduo falecido ainda n\u00e3o foi revelada. Seu corpo foi encontrado na Rua Fonseca Ramos, conforme informado pela Pol\u00edcia Militar.<\/p>\n\n\n\n<p>Policiais militares do 7\u00ba BPM (S\u00e3o Gon\u00e7alo) est\u00e3o preservando o local para a realiza\u00e7\u00e3o da per\u00edcia pela Delegacia de Homic\u00eddios de Niter\u00f3i e S\u00e3o Gon\u00e7alo (DHNSG).<\/p>\n\n\n\n<h1 class=\"wp-block-heading\">\ud835\ude68\ud835\ude5c\ud835\ude6b\ud835\ude56\ud835\ude5e\ud835\ude62\ud835\ude6a\ud835\ude59\ud835\ude56\ud835\ude67<\/h1>\n\n\n\n<p>\ud835\udc76 \ud835\udc8e\ud835\udc82\ud835\udc8a\ud835\udc90\ud835\udc93 \ud835\udc77\ud835\udc90\ud835\udc93\ud835\udc95\ud835\udc82\ud835\udc8d \ud835\udc85\ud835\udc86 \ud835\udc8f\ud835\udc90\ud835\udc95\ud835\udc8a\ud835\udc84\ud835\udc8a\ud835\udc82\ud835\udc94 \ud835\udc85\ud835\udc82 \ud835\udc84\ud835\udc8a\ud835\udc85\ud835\udc82\ud835\udc85\ud835\udc86.<\/p>\n","protected":false},"excerpt":{"rendered":"<p>Um indiv\u00edduo perdeu a vida e outro ficou ferido nesta quarta-feira (6) durante um tiroteio no Centro de S\u00e3o Gon\u00e7alo,&hellip;<\/p>\n","protected":false},"author":2,"featured_media":4118,"comment_status":"open","ping_status":"open","sticky":false,"template":"","format":"standard","meta":{"fifu_image_url":"","fifu_image_alt":"","footnotes":""},"categories":[3],"tags":[],"class_list":["post-4117","post","type-post","status-publish","format-standard","has-post-thumbnail","hentry","category-sao-goncalo"],"_links":{"self":[{"href":"https:\/\/sgvaimudar.com.br\/index.php\/wp-json\/wp\/v2\/posts\/4117","targetHints":{"allow":["GET"]}}],"collection":[{"href":"https:\/\/sgvaimudar.com.br\/index.php\/wp-json\/wp\/v2\/posts"}],"about":[{"href":"https:\/\/sgvaimudar.com.br\/index.php\/wp-json\/wp\/v2\/types\/post"}],"author":[{"embeddable":true,"href":"https:\/\/sgvaimudar.com.br\/index.php\/wp-json\/wp\/v2\/users\/2"}],"replies":[{"embeddable":true,"href":"https:\/\/sgvaimudar.com.br\/index.php\/wp-json\/wp\/v2\/comments?post=4117"}],"version-history":[{"count":1,"href":"https:\/\/sgvaimudar.com.br\/index.php\/wp-json\/wp\/v2\/posts\/4117\/revisions"}],"predecessor-version":[{"id":4119,"href":"https:\/\/sgvaimudar.com.br\/index.php\/wp-json\/wp\/v2\/posts\/4117\/revisions\/4119"}],"wp:featuredmedia":[{"embeddable":true,"href":"https:\/\/sgvaimudar.com.br\/index.php\/wp-json\/wp\/v2\/media\/4118"}],"wp:attachment":[{"href":"https:\/\/sgvaimudar.com.br\/index.php\/wp-json\/wp\/v2\/media?parent=4117"}],"wp:term":[{"taxonomy":"category","embeddable":true,"href":"https:\/\/sgvaimudar.com.br\/index.php\/wp-json\/wp\/v2\/categories?post=4117"},{"taxonomy":"post_tag","embeddable":true,"href":"https:\/\/sgvaimudar.com.br\/index.php\/wp-json\/wp\/v2\/tags?post=4117"}],"curies":[{"name":"wp","href":"https:\/\/api.w.org\/{rel}","templated":true}]}}