{"id":4098,"date":"2023-12-04T15:08:13","date_gmt":"2023-12-04T18:08:13","guid":{"rendered":"https:\/\/sgvaimudar.com.br\/?p=4098"},"modified":"2023-12-04T15:08:14","modified_gmt":"2023-12-04T18:08:14","slug":"empresaria-e-multada-por-dirigir-carro-sem-capacete","status":"publish","type":"post","link":"https:\/\/sgvaimudar.com.br\/index.php\/2023\/12\/04\/empresaria-e-multada-por-dirigir-carro-sem-capacete\/","title":{"rendered":"Empres\u00e1ria \u00e9 multada por dirigir carro sem capacete"},"content":{"rendered":"\n<p>A empres\u00e1ria Vanessa Rabelo Vasconcelos de Sousa, 37 anos, foi multada pela Autarquia Municipal de Tr\u00e2nsito (AMC) de Fortaleza por conduzir motocicleta sem capacete, mesmo estando dirigindo um carro, e n\u00e3o uma moto. Ela foi autuada no m\u00eas de junho e tentou recorrer, mas a multa contra ela segue mantida.<\/p>\n\n\n\n<p>A AMC tipificou a infra\u00e7\u00e3o de tr\u00e2nsito por &#8220;conduzir moto com utiliza\u00e7\u00e3o de capacete de seguran\u00e7a com viseira\/\u00f3culos de prote\u00e7\u00e3o em desacordo com regulamenta\u00e7\u00e3o do Contran&#8221;.<\/p>\n\n\n\n<p>A infra\u00e7\u00e3o \u00e9 considerada m\u00e9dia, com multa de R$ 244 e perda de 4 pontos na Carteira Nacional de Habilita\u00e7\u00e3o (CNH).<\/p>\n\n\n\n<p>Questionada pelo g1, a autarquia afirmou que a &#8220;infra\u00e7\u00e3o foi arquivado pelo pr\u00f3prio \u00f3rg\u00e3o e seu registro considerado insubsistente [sem valor]&#8221;.<\/p>\n\n\n\n<p>&#8216;J\u00e1 tentei de tudo&#8217;<br>A autua\u00e7\u00e3o aconteceu na Avenida Paulino Rocha, no Bairro Castel\u00e3o, em Fortaleza. Ao g1, a empres\u00e1ria disse que no dia 17 de junho foi aberto um processo e mesmo ap\u00f3s seis meses o mesmo n\u00e3o foi conclu\u00eddo.<\/p>\n\n\n\n<p>&#8220;Conforme orienta\u00e7\u00e3o, dia 17 de junho foi aberto um processo no site SPU. E at\u00e9 o momento, quase seis meses depois, o processo n\u00e3o foi conclu\u00eddo. Al\u00e9m deste processo h\u00e1 outro em rela\u00e7\u00e3o a uma l\u00e2mpada queimada no ve\u00edculo. Foquei no capacete, pois \u00e9 a mais revoltante. Penso que foi anotada a placa de maneira errada&#8221;, explicou.<\/p>\n\n\n\n<h1 class=\"wp-block-heading\">\ud835\ude68\ud835\ude5c\ud835\ude6b\ud835\ude56\ud835\ude5e\ud835\ude62\ud835\ude6a\ud835\ude59\ud835\ude56\ud835\ude67<\/h1>\n\n\n\n<p>\ud835\udc76 \ud835\udc8e\ud835\udc82\ud835\udc8a\ud835\udc90\ud835\udc93 \ud835\udc77\ud835\udc90\ud835\udc93\ud835\udc95\ud835\udc82\ud835\udc8d \ud835\udc85\ud835\udc86 \ud835\udc8f\ud835\udc90\ud835\udc95\ud835\udc8a\ud835\udc84\ud835\udc8a\ud835\udc82\ud835\udc94 \ud835\udc85\ud835\udc82 \ud835\udc84\ud835\udc8a\ud835\udc85\ud835\udc82\ud835\udc85\ud835\udc86.<\/p>\n","protected":false},"excerpt":{"rendered":"<p>A empres\u00e1ria Vanessa Rabelo Vasconcelos de Sousa, 37 anos, foi multada pela Autarquia Municipal de Tr\u00e2nsito (AMC) de Fortaleza por&hellip;<\/p>\n","protected":false},"author":2,"featured_media":4101,"comment_status":"open","ping_status":"open","sticky":false,"template":"","format":"standard","meta":{"fifu_image_url":"","fifu_image_alt":"","footnotes":""},"categories":[1],"tags":[],"class_list":["post-4098","post","type-post","status-publish","format-standard","has-post-thumbnail","hentry","category-mundo"],"_links":{"self":[{"href":"https:\/\/sgvaimudar.com.br\/index.php\/wp-json\/wp\/v2\/posts\/4098","targetHints":{"allow":["GET"]}}],"collection":[{"href":"https:\/\/sgvaimudar.com.br\/index.php\/wp-json\/wp\/v2\/posts"}],"about":[{"href":"https:\/\/sgvaimudar.com.br\/index.php\/wp-json\/wp\/v2\/types\/post"}],"author":[{"embeddable":true,"href":"https:\/\/sgvaimudar.com.br\/index.php\/wp-json\/wp\/v2\/users\/2"}],"replies":[{"embeddable":true,"href":"https:\/\/sgvaimudar.com.br\/index.php\/wp-json\/wp\/v2\/comments?post=4098"}],"version-history":[{"count":1,"href":"https:\/\/sgvaimudar.com.br\/index.php\/wp-json\/wp\/v2\/posts\/4098\/revisions"}],"predecessor-version":[{"id":4102,"href":"https:\/\/sgvaimudar.com.br\/index.php\/wp-json\/wp\/v2\/posts\/4098\/revisions\/4102"}],"wp:featuredmedia":[{"embeddable":true,"href":"https:\/\/sgvaimudar.com.br\/index.php\/wp-json\/wp\/v2\/media\/4101"}],"wp:attachment":[{"href":"https:\/\/sgvaimudar.com.br\/index.php\/wp-json\/wp\/v2\/media?parent=4098"}],"wp:term":[{"taxonomy":"category","embeddable":true,"href":"https:\/\/sgvaimudar.com.br\/index.php\/wp-json\/wp\/v2\/categories?post=4098"},{"taxonomy":"post_tag","embeddable":true,"href":"https:\/\/sgvaimudar.com.br\/index.php\/wp-json\/wp\/v2\/tags?post=4098"}],"curies":[{"name":"wp","href":"https:\/\/api.w.org\/{rel}","templated":true}]}}