{"id":40885,"date":"2026-05-01T15:00:00","date_gmt":"2026-05-01T18:00:00","guid":{"rendered":"https:\/\/sgvaimudar.com.br\/?p=40885"},"modified":"2026-05-01T10:53:47","modified_gmt":"2026-05-01T13:53:47","slug":"novo-mural-do-cidade-ilustrada-destaca-a-construcao-do-cristo-redentor-em-sao-goncalo","status":"publish","type":"post","link":"https:\/\/sgvaimudar.com.br\/index.php\/2026\/05\/01\/novo-mural-do-cidade-ilustrada-destaca-a-construcao-do-cristo-redentor-em-sao-goncalo\/","title":{"rendered":"Novo mural do Cidade Ilustrada destaca a constru\u00e7\u00e3o do Cristo Redentor em S\u00e3o Gon\u00e7alo"},"content":{"rendered":"\n<p><em>Obra valoriza a hist\u00f3ria local com artistas da cidade<\/em><\/p>\n\n\n\n<p>A Secretaria de Turismo e Cultura da Prefeitura de S\u00e3o Gon\u00e7alo apresenta um novo painel do projeto Cidade Ilustrada, desta vez com o tema \u201cO Cristo em S\u00e3o Gon\u00e7alo\u201d. O painel fica localizado na Ponte Seca, no trajeto do Mobilidade Urbana Verde Integrada (MUVI). A obra resgata um cap\u00edtulo pouco conhecido da hist\u00f3ria do Cristo Redentor, destacando a produ\u00e7\u00e3o artesanal de partes fundamentais do monumento do munic\u00edpio.<\/p>\n\n\n\n<p>O painel retrata o processo de constru\u00e7\u00e3o da cabe\u00e7a e das m\u00e3os do Cristo, realizadas de forma totalmente artesanal, com moldes de ferro e concreto cuidadosamente modelados \u00e0 m\u00e3o. Cada detalhe do rosto e dos dedos foi esculpido antes de as pe\u00e7as serem i\u00e7adas \u00e0 estrutura principal.<\/p>\n\n\n\n<figure class=\"wp-block-image size-full\"><img fetchpriority=\"high\" decoding=\"async\" width=\"1024\" height=\"683\" src=\"https:\/\/sgvaimudar.com.br\/wp-content\/uploads\/2026\/05\/unnamed-19.jpg\" alt=\"\" class=\"wp-image-40886\" srcset=\"https:\/\/sgvaimudar.com.br\/wp-content\/uploads\/2026\/05\/unnamed-19.jpg 1024w, https:\/\/sgvaimudar.com.br\/wp-content\/uploads\/2026\/05\/unnamed-19-300x200.jpg 300w, https:\/\/sgvaimudar.com.br\/wp-content\/uploads\/2026\/05\/unnamed-19-768x512.jpg 768w\" sizes=\"(max-width: 1024px) 100vw, 1024px\" \/><\/figure>\n\n\n\n<p>Essa etapa da obra aconteceu no s\u00edtio do engenheiro e mestre de obras Heitor Levy, localizado no Barro Vermelho, em S\u00e3o Gon\u00e7alo, onde ele coordenou a produ\u00e7\u00e3o local.&nbsp;<\/p>\n\n\n\n<p>O projeto do monumento foi idealizado pelo engenheiro Heitor da Silva Costa, com c\u00e1lculos estruturais do franc\u00eas Albert Caquot. As esculturas ficaram a cargo de Paul Landowski, respons\u00e1vel pelos moldes da cabe\u00e7a e das m\u00e3os, e de Gheorghe Leonida, autor da escultura do rosto. Ao todo, o projeto teve dura\u00e7\u00e3o de nove anos, entre 1922 e 1931, sendo cerca de cinco anos dedicados \u00e0 execu\u00e7\u00e3o da obra, de 1926 a 1931.<\/p>\n\n\n\n<p>A cria\u00e7\u00e3o do novo painel conta com a participa\u00e7\u00e3o dos artistas Julliana, Paty, Catmy e Rolf, reunindo diferentes estilos e linguagens visuais. O trabalho tem curadoria do artista Marcelo Eco e coordena\u00e7\u00e3o de Raf Pereira, fortalecendo a valoriza\u00e7\u00e3o da cena art\u00edstica local.<\/p>\n\n\n\n<p>\u201cTalvez essa hist\u00f3ria n\u00e3o seja t\u00e3o conhecida pela popula\u00e7\u00e3o. Ent\u00e3o a gente segue contando a hist\u00f3ria de S\u00e3o Gon\u00e7alo atrav\u00e9s dos pain\u00e9is, aproximando a popula\u00e7\u00e3o do seu pr\u00f3prio passado que \u00e0s vezes passa despercebido\u201d, declarou Marcelo Eco.<\/p>\n\n\n\n<p>O Cidade Ilustrada \u00e9 uma iniciativa da Secretaria de Turismo e Cultura que busca transformar espa\u00e7os urbanos em galerias a c\u00e9u aberto, promovendo arte, mem\u00f3ria e identidade cultural em S\u00e3o Gon\u00e7alo.<\/p>\n\n\n\n<p><em>Foto: Fabio Guimar\u00e3es<\/em><\/p>\n\n\n\n<p><strong><em>Passe sua informa\u00e7\u00e3o pelo nosso WhatsApp: (21) <\/em><\/strong><strong><em>99744 5345<\/em><\/strong><strong><em><\/em><\/strong><\/p>\n\n\n\n<p><strong><em>S\u00e3o Gon\u00e7alo Vai Mudar: Not\u00edcias de S\u00e3o Gon\u00e7alo e toda regi\u00e3o.<\/em><\/strong><\/p>\n\n\n\n<figure class=\"wp-block-image size-large is-resized\"><img decoding=\"async\" width=\"577\" height=\"1024\" src=\"https:\/\/sgvaimudar.com.br\/wp-content\/uploads\/2026\/01\/vceoreporter.SGVM_-577x1024.jpg\" alt=\"\" class=\"wp-image-36417\" style=\"width:679px;height:auto\" srcset=\"https:\/\/sgvaimudar.com.br\/wp-content\/uploads\/2026\/01\/vceoreporter.SGVM_-577x1024.jpg 577w, https:\/\/sgvaimudar.com.br\/wp-content\/uploads\/2026\/01\/vceoreporter.SGVM_-169x300.jpg 169w, https:\/\/sgvaimudar.com.br\/wp-content\/uploads\/2026\/01\/vceoreporter.SGVM_.jpg 640w\" sizes=\"(max-width: 577px) 100vw, 577px\" \/><\/figure>\n\n\n\n<p><\/p>\n","protected":false},"excerpt":{"rendered":"<p>Obra valoriza a hist\u00f3ria local com artistas da cidade A Secretaria de Turismo e Cultura da Prefeitura de S\u00e3o Gon\u00e7alo&hellip;<\/p>\n","protected":false},"author":5,"featured_media":40887,"comment_status":"closed","ping_status":"open","sticky":false,"template":"","format":"standard","meta":{"fifu_image_url":"","fifu_image_alt":"","footnotes":""},"categories":[6],"tags":[],"class_list":["post-40885","post","type-post","status-publish","format-standard","has-post-thumbnail","hentry","category-entretenimento"],"_links":{"self":[{"href":"https:\/\/sgvaimudar.com.br\/index.php\/wp-json\/wp\/v2\/posts\/40885","targetHints":{"allow":["GET"]}}],"collection":[{"href":"https:\/\/sgvaimudar.com.br\/index.php\/wp-json\/wp\/v2\/posts"}],"about":[{"href":"https:\/\/sgvaimudar.com.br\/index.php\/wp-json\/wp\/v2\/types\/post"}],"author":[{"embeddable":true,"href":"https:\/\/sgvaimudar.com.br\/index.php\/wp-json\/wp\/v2\/users\/5"}],"replies":[{"embeddable":true,"href":"https:\/\/sgvaimudar.com.br\/index.php\/wp-json\/wp\/v2\/comments?post=40885"}],"version-history":[{"count":1,"href":"https:\/\/sgvaimudar.com.br\/index.php\/wp-json\/wp\/v2\/posts\/40885\/revisions"}],"predecessor-version":[{"id":40888,"href":"https:\/\/sgvaimudar.com.br\/index.php\/wp-json\/wp\/v2\/posts\/40885\/revisions\/40888"}],"wp:featuredmedia":[{"embeddable":true,"href":"https:\/\/sgvaimudar.com.br\/index.php\/wp-json\/wp\/v2\/media\/40887"}],"wp:attachment":[{"href":"https:\/\/sgvaimudar.com.br\/index.php\/wp-json\/wp\/v2\/media?parent=40885"}],"wp:term":[{"taxonomy":"category","embeddable":true,"href":"https:\/\/sgvaimudar.com.br\/index.php\/wp-json\/wp\/v2\/categories?post=40885"},{"taxonomy":"post_tag","embeddable":true,"href":"https:\/\/sgvaimudar.com.br\/index.php\/wp-json\/wp\/v2\/tags?post=40885"}],"curies":[{"name":"wp","href":"https:\/\/api.w.org\/{rel}","templated":true}]}}