{"id":40878,"date":"2026-05-01T17:00:00","date_gmt":"2026-05-01T20:00:00","guid":{"rendered":"https:\/\/sgvaimudar.com.br\/?p=40878"},"modified":"2026-05-01T10:54:41","modified_gmt":"2026-05-01T13:54:41","slug":"prefeito-capitao-nelson-vistoria-obras-em-andamento-em-itauna","status":"publish","type":"post","link":"https:\/\/sgvaimudar.com.br\/index.php\/2026\/05\/01\/prefeito-capitao-nelson-vistoria-obras-em-andamento-em-itauna\/","title":{"rendered":"Prefeito Capit\u00e3o Nelson vistoria obras em andamento em Ita\u00fana"},"content":{"rendered":"\n<p><em>Interven\u00e7\u00f5es incluem mais tr\u00eas bairros e v\u00e3o beneficiar mais de 10 mil pessoas<\/em><\/p>\n\n\n\n<p>O prefeito Capit\u00e3o Nelson, em companhia do vice-prefeito Jo\u00e3o Ventura, realizou, nesta manh\u00e3 de quinta-feira (30), uma vistoria \u00e0s obras que est\u00e3o em andamento na Avenida Trindade, em Ita\u00fana.<\/p>\n\n\n\n<p>Ao todo, 66 de vias nos bairros Luiz Ca\u00e7ador, Ita\u00fana, Recanto das Ac\u00e1cias e Salgueiro ir\u00e3o receber interven\u00e7\u00f5es de drenagem, pavimenta\u00e7\u00e3o, novas cal\u00e7adas, piso podot\u00e1til para acessibilidade e sinaliza\u00e7\u00e3o horizontal e vertical. Com as obras, executadas pela Secretaria de Desenvolvimento Urbano da Prefeitura de S\u00e3o Gon\u00e7alo, mais de 10 mil pessoas ser\u00e3o beneficiadas, incluindo moradores e aqueles que circulam pela regi\u00e3o.<\/p>\n\n\n\n<figure class=\"wp-block-image size-large\"><img fetchpriority=\"high\" decoding=\"async\" width=\"1024\" height=\"684\" src=\"https:\/\/sgvaimudar.com.br\/wp-content\/uploads\/2026\/05\/unnamed-16-1024x684.jpg\" alt=\"\" class=\"wp-image-40882\" srcset=\"https:\/\/sgvaimudar.com.br\/wp-content\/uploads\/2026\/05\/unnamed-16-1024x684.jpg 1024w, https:\/\/sgvaimudar.com.br\/wp-content\/uploads\/2026\/05\/unnamed-16-300x200.jpg 300w, https:\/\/sgvaimudar.com.br\/wp-content\/uploads\/2026\/05\/unnamed-16-768x513.jpg 768w, https:\/\/sgvaimudar.com.br\/wp-content\/uploads\/2026\/05\/unnamed-16-1536x1027.jpg 1536w, https:\/\/sgvaimudar.com.br\/wp-content\/uploads\/2026\/05\/unnamed-16.jpg 1616w\" sizes=\"(max-width: 1024px) 100vw, 1024px\" \/><\/figure>\n\n\n\n<p>Ao todo, ser\u00e3o investidos mais de R$ 63 milh\u00f5es nas interven\u00e7\u00f5es, que t\u00eam previs\u00e3o de conclus\u00e3o em 24 meses. Mais de 15,6 quil\u00f4metros de vias ser\u00e3o transformadas. Vale destacar que a instala\u00e7\u00e3o de manilhas para drenagem ir\u00e1 minimizar os impactos das chuvas na regi\u00e3o, assim como foi feito em diversos bairros j\u00e1 transformados pela atual gest\u00e3o.<\/p>\n\n\n\n<p>&#8220;\u00c9 muito bom ver mais uma obra avan\u00e7ando, em mais bairros da nossa cidade, assim como fizemos no Boa\u00e7u, Coluband\u00ea, Mutuagua\u00e7u, Mutu\u00e1, Porto do Rosa, Vista Alegre, Pacheco e, agora, as interven\u00e7\u00f5es em andamento no Jardim Bom Retiro, Sacramento, Santa Izabel e mais. Agrade\u00e7o a todos os envolvidos no nosso time por mais esse avan\u00e7o e seguimos visando o bem da nossa popula\u00e7\u00e3o&#8221;, disse o prefeito Capit\u00e3o Nelson.<\/p>\n\n\n\n<figure class=\"wp-block-image size-large\"><img decoding=\"async\" width=\"1024\" height=\"684\" src=\"https:\/\/sgvaimudar.com.br\/wp-content\/uploads\/2026\/05\/unnamed-18-1024x684.jpg\" alt=\"\" class=\"wp-image-40883\" srcset=\"https:\/\/sgvaimudar.com.br\/wp-content\/uploads\/2026\/05\/unnamed-18-1024x684.jpg 1024w, https:\/\/sgvaimudar.com.br\/wp-content\/uploads\/2026\/05\/unnamed-18-300x200.jpg 300w, https:\/\/sgvaimudar.com.br\/wp-content\/uploads\/2026\/05\/unnamed-18-768x513.jpg 768w, https:\/\/sgvaimudar.com.br\/wp-content\/uploads\/2026\/05\/unnamed-18-1536x1027.jpg 1536w, https:\/\/sgvaimudar.com.br\/wp-content\/uploads\/2026\/05\/unnamed-18.jpg 1616w\" sizes=\"(max-width: 1024px) 100vw, 1024px\" \/><\/figure>\n\n\n\n<p>&#8220;O recurso federal que realiza a obra foi uma conquista nossa junto ao Minist\u00e9rio das Cidades. A Prefeitura realizou o planejamento e n\u00f3s viabilizamos essas interven\u00e7\u00f5es. O trabalho \u00e9 conjunto, seguimos lutando pela popula\u00e7\u00e3o em Bras\u00edlia e estou muito feliz de ver mais essa obra em andamento&#8221;, afirmou o deputado federal Altineu C\u00f4rtes, que tamb\u00e9m esteve na visita \u00e0s interven\u00e7\u00f5es.<\/p>\n\n\n\n<p>Para os moradores, as obras s\u00e3o motivo de celebra\u00e7\u00e3o. \u00c9 o que afirma Severino Borges, de 67 anos.<\/p>\n\n\n\n<p>&#8220;A obra est\u00e1 boa! Se for para ajudar a diminuir alagamento, vai ser \u00f3timo para toda a popula\u00e7\u00e3o. Eu sempre vou no posto de sa\u00fade e acho que vai ser bom para ajudar na mobilidade, com novas cal\u00e7adas. O prefeito est\u00e1 trabalhando&#8221;, disse o aposentado.<\/p>\n\n\n\n<p><strong>Capta\u00e7\u00e3o de recursos<\/strong>&nbsp;&#8211; O projeto da obra e a capta\u00e7\u00e3o de seus recursos foram realizados pela Secretaria Municipal de Gest\u00e3o Integrada e Projetos Especiais (Semgipe) de S\u00e3o Gon\u00e7alo. Com a implementa\u00e7\u00e3o dos projetos, a expectativa \u00e9 promover melhorias significativas na mobilidade urbana, na seguran\u00e7a vi\u00e1ria e na qualidade de vida da popula\u00e7\u00e3o. \u00c9 o que explica a secret\u00e1ria da Semgipe Rafaela Santana.<\/p>\n\n\n\n<p>&#8220;A nossa gest\u00e3o p\u00fablica \u00e9 proativa e eficiente na capta\u00e7\u00e3o de investimentos, transformando planejamento em obras concretas que impactam diretamente o cotidiano da popula\u00e7\u00e3o. Por meio de um trabalho t\u00e9cnico qualificado, planejamento integrado e articula\u00e7\u00e3o institucional junto ao Governo Federal, a Prefeitura conseguiu assegurar, ainda em 2023, a capta\u00e7\u00e3o destes R$ 63 milh\u00f5es em recursos, provenientes de emenda de comiss\u00e3o, que garantiram a execu\u00e7\u00e3o dos trabalhos. O montante foi estruturado em cinco propostas, garantindo maior efici\u00eancia na execu\u00e7\u00e3o e no acompanhamento das interven\u00e7\u00f5es. Al\u00e9m dos recursos federais, a iniciativa conta com contrapartida da Prefeitura, no valor de R$792.159,52, reafirmando o compromisso da gest\u00e3o municipal com o desenvolvimento urbano e a aplica\u00e7\u00e3o respons\u00e1vel dos recursos p\u00fablicos&#8221;, disse.<\/p>\n\n\n\n<p><em>Foto: Renan Otto<\/em><\/p>\n\n\n\n<p><strong><em>Passe sua informa\u00e7\u00e3o pelo nosso WhatsApp: (21) <\/em><\/strong><strong><em>99744 5345<\/em><\/strong><strong><em><\/em><\/strong><\/p>\n\n\n\n<p><strong><em>S\u00e3o Gon\u00e7alo Vai Mudar: Not\u00edcias de S\u00e3o Gon\u00e7alo e toda regi\u00e3o.<\/em><\/strong><\/p>\n\n\n\n<figure class=\"wp-block-image size-large is-resized\"><img decoding=\"async\" width=\"577\" height=\"1024\" src=\"https:\/\/sgvaimudar.com.br\/wp-content\/uploads\/2026\/01\/vceoreporter.SGVM_-577x1024.jpg\" alt=\"\" class=\"wp-image-36417\" style=\"width:676px;height:auto\" srcset=\"https:\/\/sgvaimudar.com.br\/wp-content\/uploads\/2026\/01\/vceoreporter.SGVM_-577x1024.jpg 577w, https:\/\/sgvaimudar.com.br\/wp-content\/uploads\/2026\/01\/vceoreporter.SGVM_-169x300.jpg 169w, https:\/\/sgvaimudar.com.br\/wp-content\/uploads\/2026\/01\/vceoreporter.SGVM_.jpg 640w\" sizes=\"(max-width: 577px) 100vw, 577px\" \/><\/figure>\n","protected":false},"excerpt":{"rendered":"<p>Interven\u00e7\u00f5es incluem mais tr\u00eas bairros e v\u00e3o beneficiar mais de 10 mil pessoas O prefeito Capit\u00e3o Nelson, em companhia do&hellip;<\/p>\n","protected":false},"author":5,"featured_media":40881,"comment_status":"closed","ping_status":"open","sticky":false,"template":"","format":"standard","meta":{"fifu_image_url":"https:\/\/sgvaimudar.com.br\/wp-content\/uploads\/2026\/05\/unnamed-17.jpg","fifu_image_alt":"","footnotes":""},"categories":[3],"tags":[203,240,2237,254,47,75,2236],"class_list":["post-40878","post","type-post","status-publish","format-standard","has-post-thumbnail","hentry","category-sao-goncalo","tag-capitao","tag-nelson","tag-obrasm-itauna","tag-prefeito","tag-rj","tag-sao-goncalo","tag-vistoria"],"_links":{"self":[{"href":"https:\/\/sgvaimudar.com.br\/index.php\/wp-json\/wp\/v2\/posts\/40878","targetHints":{"allow":["GET"]}}],"collection":[{"href":"https:\/\/sgvaimudar.com.br\/index.php\/wp-json\/wp\/v2\/posts"}],"about":[{"href":"https:\/\/sgvaimudar.com.br\/index.php\/wp-json\/wp\/v2\/types\/post"}],"author":[{"embeddable":true,"href":"https:\/\/sgvaimudar.com.br\/index.php\/wp-json\/wp\/v2\/users\/5"}],"replies":[{"embeddable":true,"href":"https:\/\/sgvaimudar.com.br\/index.php\/wp-json\/wp\/v2\/comments?post=40878"}],"version-history":[{"count":2,"href":"https:\/\/sgvaimudar.com.br\/index.php\/wp-json\/wp\/v2\/posts\/40878\/revisions"}],"predecessor-version":[{"id":40884,"href":"https:\/\/sgvaimudar.com.br\/index.php\/wp-json\/wp\/v2\/posts\/40878\/revisions\/40884"}],"wp:featuredmedia":[{"embeddable":true,"href":"https:\/\/sgvaimudar.com.br\/index.php\/wp-json\/wp\/v2\/media\/40881"}],"wp:attachment":[{"href":"https:\/\/sgvaimudar.com.br\/index.php\/wp-json\/wp\/v2\/media?parent=40878"}],"wp:term":[{"taxonomy":"category","embeddable":true,"href":"https:\/\/sgvaimudar.com.br\/index.php\/wp-json\/wp\/v2\/categories?post=40878"},{"taxonomy":"post_tag","embeddable":true,"href":"https:\/\/sgvaimudar.com.br\/index.php\/wp-json\/wp\/v2\/tags?post=40878"}],"curies":[{"name":"wp","href":"https:\/\/api.w.org\/{rel}","templated":true}]}}