{"id":40870,"date":"2026-05-01T13:00:00","date_gmt":"2026-05-01T16:00:00","guid":{"rendered":"https:\/\/sgvaimudar.com.br\/?p=40870"},"modified":"2026-05-01T10:36:14","modified_gmt":"2026-05-01T13:36:14","slug":"goncalenses-terao-agenda-cultural-diversificada-para-aproveitar-em-maio","status":"publish","type":"post","link":"https:\/\/sgvaimudar.com.br\/index.php\/2026\/05\/01\/goncalenses-terao-agenda-cultural-diversificada-para-aproveitar-em-maio\/","title":{"rendered":"Gon\u00e7alenses ter\u00e3o agenda cultural diversificada para aproveitar em maio"},"content":{"rendered":"\n<p><em>Eventos acontecer\u00e3o em diversos equipamentos da cidade\u00a0<\/em><\/p>\n\n\n\n<p>O m\u00eas de maio est\u00e1 chegando e a Secretaria de Turismo e Cultura de S\u00e3o Gon\u00e7alo preparou uma programa\u00e7\u00e3o cultural que envolve diversos equipamentos da cidade, como o Teatro Municipal, a Lona Cultural do Jardim Catarina e o Centro de Tradi\u00e7\u00f5es Nordestinas. A agenda conta com pre\u00e7os acess\u00edveis e op\u00e7\u00f5es gratuitas para toda a fam\u00edlia.<\/p>\n\n\n\n<figure class=\"wp-block-image size-large\"><img fetchpriority=\"high\" decoding=\"async\" width=\"819\" height=\"1024\" src=\"https:\/\/sgvaimudar.com.br\/wp-content\/uploads\/2026\/05\/unnamed-11-819x1024.jpg\" alt=\"\" class=\"wp-image-40871\" srcset=\"https:\/\/sgvaimudar.com.br\/wp-content\/uploads\/2026\/05\/unnamed-11-819x1024.jpg 819w, https:\/\/sgvaimudar.com.br\/wp-content\/uploads\/2026\/05\/unnamed-11-240x300.jpg 240w, https:\/\/sgvaimudar.com.br\/wp-content\/uploads\/2026\/05\/unnamed-11-768x960.jpg 768w, https:\/\/sgvaimudar.com.br\/wp-content\/uploads\/2026\/05\/unnamed-11.jpg 1080w\" sizes=\"(max-width: 819px) 100vw, 819px\" \/><\/figure>\n\n\n\n<p><strong>Dias 3, 10, 17, 24 e 31:<\/strong>&nbsp;O \u201cSamba da Feira de Neves\u201d acontece todos os domingos, com entrada gratuita, conforto e seguran\u00e7a. Diversas atra\u00e7\u00f5es do pagode e do samba se apresentam a partir das 13h. Al\u00e9m da m\u00fasica, o p\u00fablico poder\u00e1 almo\u00e7ar ou petiscar com a fam\u00edlia na pra\u00e7a gastron\u00f4mica do evento.<\/p>\n\n\n\n<p>Hor\u00e1rio: 13h<\/p>\n\n\n\n<p>Local: Centro de Tradi\u00e7\u00f5es Nordestinas<\/p>\n\n\n\n<p>Classifica\u00e7\u00e3o: Livre; Ingresso: Entrada franca.<\/p>\n\n\n\n<figure class=\"wp-block-image size-large\"><img decoding=\"async\" width=\"819\" height=\"1024\" src=\"https:\/\/sgvaimudar.com.br\/wp-content\/uploads\/2026\/05\/unnamed-12-819x1024.jpg\" alt=\"\" class=\"wp-image-40872\" srcset=\"https:\/\/sgvaimudar.com.br\/wp-content\/uploads\/2026\/05\/unnamed-12-819x1024.jpg 819w, https:\/\/sgvaimudar.com.br\/wp-content\/uploads\/2026\/05\/unnamed-12-240x300.jpg 240w, https:\/\/sgvaimudar.com.br\/wp-content\/uploads\/2026\/05\/unnamed-12-768x960.jpg 768w, https:\/\/sgvaimudar.com.br\/wp-content\/uploads\/2026\/05\/unnamed-12.jpg 1080w\" sizes=\"(max-width: 819px) 100vw, 819px\" \/><\/figure>\n\n\n\n<p><strong>Dia 3:<\/strong>&nbsp;A pe\u00e7a \u201cSociedade dos Poetas Mortos\u201d \u00e9 uma adapta\u00e7\u00e3o do cl\u00e1ssico, agora numa vers\u00e3o feminina. A professora Joana Keating chega a uma tradicional escola preparat\u00f3ria de meninas, conhecida por seu alto padr\u00e3o e rigor. Com m\u00e9todos pouco ortodoxos, ela inspira suas alunas a enfrentarem as press\u00f5es familiares e escolares, incentivando-as a perder a timidez, seguir seus sonhos e aproveitar o dia.<\/p>\n\n\n\n<p>Hor\u00e1rio: 19h; Local: Teatro Municipal; Classifica\u00e7\u00e3o: Livre; Ingresso:\u00a0<a href=\"https:\/\/click.knewin360.com\/Click\/click\/eyJhbGciOiJIUzI1NiIsInR5cCI6IkpXVCJ9.eyJjYW1wYWlnbklkIjoiOTU5ZDExN2YtYjlkMS00NmRjLTg4NjUtMDhkZWE2OTM4NjFkIiwicGVyc29uSWQiOiJhYzY2OTY2ZS0yYjU1LTQ0ODQtZmIyYy0wOGRjNDkxZWVkNWYiLCJlbWFpbCI6Impvcm5hbGlzdGF3c0BnbWFpbC5jb20iLCJ1cmwiOiJodHRwczovL3d3dy5zeW1wbGEuY29tLmJyL2V2ZW50by9zb2NpZWRhZGUtZG9zLXBvZXRhcy1tb3J0b3MvMzM3NjE0MyIsImlzU2VnbWVudGF0aW9uIjoiRmFsc2UiLCJuYmYiOjE3Nzc1NjY3MzQsImV4cCI6MTc4MDE1ODczNCwiaWF0IjoxNzc3NTY2NzM0fQ.lGyvsTlMUvkkF8mMr0fcYyFavgyMsLFKcELoQlxhes0\" target=\"_blank\" rel=\"noreferrer noopener\">https:\/\/www.sympla.com.br\/evento\/sociedade-dos-poetas-mortos\/3376143<\/a>.<\/p>\n\n\n\n<figure class=\"wp-block-image size-large\"><img decoding=\"async\" width=\"819\" height=\"1024\" src=\"https:\/\/sgvaimudar.com.br\/wp-content\/uploads\/2026\/05\/unnamed-13-819x1024.jpg\" alt=\"\" class=\"wp-image-40873\" srcset=\"https:\/\/sgvaimudar.com.br\/wp-content\/uploads\/2026\/05\/unnamed-13-819x1024.jpg 819w, https:\/\/sgvaimudar.com.br\/wp-content\/uploads\/2026\/05\/unnamed-13-240x300.jpg 240w, https:\/\/sgvaimudar.com.br\/wp-content\/uploads\/2026\/05\/unnamed-13-768x960.jpg 768w, https:\/\/sgvaimudar.com.br\/wp-content\/uploads\/2026\/05\/unnamed-13.jpg 1080w\" sizes=\"(max-width: 819px) 100vw, 819px\" \/><\/figure>\n\n\n\n<p><strong>Dia 8:<\/strong>&nbsp;Show alusivo ao Dia das M\u00e3es com a Orquestra Municipal de S\u00e3o Gon\u00e7alo. Sob a reg\u00eancia do maestro Paulo Guarany, a apresenta\u00e7\u00e3o contar\u00e1 com um repert\u00f3rio tem\u00e1tico especialmente preparado para celebrar a data.<\/p>\n\n\n\n<p>Hor\u00e1rio: 19h; Local: Teatro Municipal; Classifica\u00e7\u00e3o: Livre.<\/p>\n\n\n\n<figure class=\"wp-block-image size-large\"><img loading=\"lazy\" decoding=\"async\" width=\"819\" height=\"1024\" src=\"https:\/\/sgvaimudar.com.br\/wp-content\/uploads\/2026\/05\/unnamed-15-819x1024.jpg\" alt=\"\" class=\"wp-image-40874\" srcset=\"https:\/\/sgvaimudar.com.br\/wp-content\/uploads\/2026\/05\/unnamed-15-819x1024.jpg 819w, https:\/\/sgvaimudar.com.br\/wp-content\/uploads\/2026\/05\/unnamed-15-240x300.jpg 240w, https:\/\/sgvaimudar.com.br\/wp-content\/uploads\/2026\/05\/unnamed-15-768x960.jpg 768w, https:\/\/sgvaimudar.com.br\/wp-content\/uploads\/2026\/05\/unnamed-15.jpg 1080w\" sizes=\"(max-width: 819px) 100vw, 819px\" \/><\/figure>\n\n\n\n<p><strong>Dia 9:<\/strong>&nbsp;A pe\u00e7a \u201cO Beijo no Asfalto\u201d aborda temas como moralidade, preconceito, \u00e9tica na imprensa e rela\u00e7\u00f5es familiares, em um dos textos mais marcantes de Nelson Rodrigues.<\/p>\n\n\n\n<p>Hor\u00e1rio: 19h; Local: Teatro Municipal; Classifica\u00e7\u00e3o: 12 anos.<\/p>\n\n\n\n<p>Ingresso:\u00a0<a href=\"https:\/\/click.knewin360.com\/Click\/click\/eyJhbGciOiJIUzI1NiIsInR5cCI6IkpXVCJ9.eyJjYW1wYWlnbklkIjoiOTU5ZDExN2YtYjlkMS00NmRjLTg4NjUtMDhkZWE2OTM4NjFkIiwicGVyc29uSWQiOiJhYzY2OTY2ZS0yYjU1LTQ0ODQtZmIyYy0wOGRjNDkxZWVkNWYiLCJlbWFpbCI6Impvcm5hbGlzdGF3c0BnbWFpbC5jb20iLCJ1cmwiOiJodHRwczovL3d3dy5zeW1wbGEuY29tLmJyL2V2ZW50by9vLWJlaWpvLW5vLWFzZmFsdG8tZW0tc2FvLWdvbmNhbG8vMzM4MjM2MSIsImlzU2VnbWVudGF0aW9uIjoiRmFsc2UiLCJuYmYiOjE3Nzc1NjY3MzQsImV4cCI6MTc4MDE1ODczNCwiaWF0IjoxNzc3NTY2NzM0fQ.VohTcZmpitbo1dDpZexCqGzfUxnPaoEU9_llEY5jvzU\" target=\"_blank\" rel=\"noreferrer noopener\">https:\/\/www.sympla.com.br\/evento\/o-beijo-no-asfalto-em-sao-goncalo\/3382361<\/a>.<\/p>\n\n\n\n<p><strong>Dia 23:<\/strong>&nbsp;\u201cDa Ponte Pra C\u00e1\u201d \u00e9 inspirado nas noites de com\u00e9dia carioca, reunindo os comediantes Walace Dantaz e Will Silva, trazendo ao palco um stand-up com observa\u00e7\u00f5es bem-humoradas e pontos de vista t\u00edpicos de quem vive \u201cdo lado de c\u00e1 da ponte\u201d.<\/p>\n\n\n\n<p>Hor\u00e1rio: 19h; Local: Lona Cultural L\u00eddia Maria da Silva, no Jardim Catarina; Classifica\u00e7\u00e3o: 14 anos; Ingresso: Venda em breve.<\/p>\n\n\n\n<figure class=\"wp-block-image size-large\"><img loading=\"lazy\" decoding=\"async\" width=\"1024\" height=\"576\" src=\"https:\/\/sgvaimudar.com.br\/wp-content\/uploads\/2026\/05\/unnamed-14-1024x576.jpg\" alt=\"\" class=\"wp-image-40875\" srcset=\"https:\/\/sgvaimudar.com.br\/wp-content\/uploads\/2026\/05\/unnamed-14-1024x576.jpg 1024w, https:\/\/sgvaimudar.com.br\/wp-content\/uploads\/2026\/05\/unnamed-14-300x169.jpg 300w, https:\/\/sgvaimudar.com.br\/wp-content\/uploads\/2026\/05\/unnamed-14-768x432.jpg 768w, https:\/\/sgvaimudar.com.br\/wp-content\/uploads\/2026\/05\/unnamed-14-1536x864.jpg 1536w, https:\/\/sgvaimudar.com.br\/wp-content\/uploads\/2026\/05\/unnamed-14.jpg 2000w\" sizes=\"(max-width: 1024px) 100vw, 1024px\" \/><\/figure>\n\n\n\n<p><strong>Dias 30 e 31:<\/strong>&nbsp;O espet\u00e1culo de dan\u00e7a contempor\u00e2nea \u201cChico em Can\u00e7\u00f5es\u201d \u00e9 dividido em cinco atos, homenageando a trajet\u00f3ria de Chico Buarque. A montagem percorre momentos marcantes da m\u00fasica popular brasileira, celebrando os 80 anos do artista (completados em 2024) e os 45 anos do \u00e1lbum Vida (em 2025). A obra combina dan\u00e7a, m\u00fasica e narrativa c\u00eanica para destacar o impacto do artista no imagin\u00e1rio brasileiro.<\/p>\n\n\n\n<p>Hor\u00e1rio: 18h<\/p>\n\n\n\n<p>Local: Teatro Municipal<\/p>\n\n\n\n<p>Classifica\u00e7\u00e3o: 14 anos<\/p>\n\n\n\n<p>Ingresso: Venda em breve<\/p>\n\n\n\n<p><em>Foto: Ascom<\/em><\/p>\n\n\n\n<p><strong><em>Passe sua informa\u00e7\u00e3o pelo nosso WhatsApp: (21) <\/em><\/strong><strong><em>99744 5345<\/em><\/strong><strong><em><\/em><\/strong><\/p>\n\n\n\n<p><strong><em>S\u00e3o Gon\u00e7alo Vai Mudar: Not\u00edcias de S\u00e3o Gon\u00e7alo e toda regi\u00e3o.<\/em><\/strong><\/p>\n\n\n\n<figure class=\"wp-block-video\"><video height=\"1280\" style=\"aspect-ratio: 720 \/ 1280;\" width=\"720\" controls src=\"https:\/\/sgvaimudar.com.br\/wp-content\/uploads\/2026\/01\/NoticiaUrgete.logoSGVM.mp4\"><\/video><\/figure>\n","protected":false},"excerpt":{"rendered":"<p>Eventos acontecer\u00e3o em diversos equipamentos da cidade\u00a0 O m\u00eas de maio est\u00e1 chegando e a Secretaria de Turismo e Cultura&hellip;<\/p>\n","protected":false},"author":5,"featured_media":40877,"comment_status":"closed","ping_status":"open","sticky":false,"template":"","format":"standard","meta":{"fifu_image_url":"https:\/\/sgvaimudar.com.br\/wp-content\/uploads\/2025\/12\/TeatroCarequinha.jpeg","fifu_image_alt":"","footnotes":""},"categories":[94],"tags":[87,250,385,143,111,47,75,332],"class_list":["post-40870","post","type-post","status-publish","format-standard","has-post-thumbnail","hentry","category-giro-cultural","tag-cultura","tag-educacao","tag-pecas","tag-povo","tag-prefeitura","tag-rj","tag-sao-goncalo","tag-teatro"],"_links":{"self":[{"href":"https:\/\/sgvaimudar.com.br\/index.php\/wp-json\/wp\/v2\/posts\/40870","targetHints":{"allow":["GET"]}}],"collection":[{"href":"https:\/\/sgvaimudar.com.br\/index.php\/wp-json\/wp\/v2\/posts"}],"about":[{"href":"https:\/\/sgvaimudar.com.br\/index.php\/wp-json\/wp\/v2\/types\/post"}],"author":[{"embeddable":true,"href":"https:\/\/sgvaimudar.com.br\/index.php\/wp-json\/wp\/v2\/users\/5"}],"replies":[{"embeddable":true,"href":"https:\/\/sgvaimudar.com.br\/index.php\/wp-json\/wp\/v2\/comments?post=40870"}],"version-history":[{"count":1,"href":"https:\/\/sgvaimudar.com.br\/index.php\/wp-json\/wp\/v2\/posts\/40870\/revisions"}],"predecessor-version":[{"id":40876,"href":"https:\/\/sgvaimudar.com.br\/index.php\/wp-json\/wp\/v2\/posts\/40870\/revisions\/40876"}],"wp:featuredmedia":[{"embeddable":true,"href":"https:\/\/sgvaimudar.com.br\/index.php\/wp-json\/wp\/v2\/media\/40877"}],"wp:attachment":[{"href":"https:\/\/sgvaimudar.com.br\/index.php\/wp-json\/wp\/v2\/media?parent=40870"}],"wp:term":[{"taxonomy":"category","embeddable":true,"href":"https:\/\/sgvaimudar.com.br\/index.php\/wp-json\/wp\/v2\/categories?post=40870"},{"taxonomy":"post_tag","embeddable":true,"href":"https:\/\/sgvaimudar.com.br\/index.php\/wp-json\/wp\/v2\/tags?post=40870"}],"curies":[{"name":"wp","href":"https:\/\/api.w.org\/{rel}","templated":true}]}}