{"id":40858,"date":"2026-05-01T09:50:22","date_gmt":"2026-05-01T12:50:22","guid":{"rendered":"https:\/\/sgvaimudar.com.br\/?p=40858"},"modified":"2026-05-01T09:50:23","modified_gmt":"2026-05-01T12:50:23","slug":"caravana-de-arte-e-lazer-promove-mais-um-fim-de-semana-de-diversao-em-sao-goncalo","status":"publish","type":"post","link":"https:\/\/sgvaimudar.com.br\/index.php\/2026\/05\/01\/caravana-de-arte-e-lazer-promove-mais-um-fim-de-semana-de-diversao-em-sao-goncalo\/","title":{"rendered":"Caravana de Arte e Lazer promove mais um fim de semana de divers\u00e3o em S\u00e3o Gon\u00e7alo"},"content":{"rendered":"\n<p><em>Mutuagua\u00e7u e Pombal recebem projeto voltado para crian\u00e7as&nbsp;<\/em><\/p>\n\n\n\n<p>A Caravana de Arte e Lazer segue garantindo brincadeiras infantis e lanches gratuitos para as fam\u00edlias gon\u00e7alenses aos finais de semana. Na manh\u00e3 do pr\u00f3ximo s\u00e1bado (2), os moradores do Mutuagua\u00e7u v\u00e3o receber a caravana. J\u00e1 no domingo (3), a a\u00e7\u00e3o acontece na regi\u00e3o do Pombal.&nbsp;<\/p>\n\n\n\n<p>Durante a caravana, a crian\u00e7ada tem acesso livre a camas el\u00e1sticas, brinquedos infl\u00e1veis, jogos de tabuleiro, al\u00e9m disso, os animadores realizam oficinas de bolamania e pinturas art\u00edsticas na pele. Para repor as energias, o projeto disponibiliza barraquinhas de cachorro-quente, pipoca, algod\u00e3o-doce, \u00e1gua mineral e guaran\u00e1.&nbsp;<\/p>\n\n\n\n<figure class=\"wp-block-image size-large\"><img fetchpriority=\"high\" decoding=\"async\" width=\"1024\" height=\"768\" src=\"https:\/\/sgvaimudar.com.br\/wp-content\/uploads\/2026\/04\/caravana-1-1024x768.jpg\" alt=\"\" class=\"wp-image-40608\" srcset=\"https:\/\/sgvaimudar.com.br\/wp-content\/uploads\/2026\/04\/caravana-1-1024x768.jpg 1024w, https:\/\/sgvaimudar.com.br\/wp-content\/uploads\/2026\/04\/caravana-1-300x225.jpg 300w, https:\/\/sgvaimudar.com.br\/wp-content\/uploads\/2026\/04\/caravana-1-768x576.jpg 768w, https:\/\/sgvaimudar.com.br\/wp-content\/uploads\/2026\/04\/caravana-1-1536x1152.jpg 1536w, https:\/\/sgvaimudar.com.br\/wp-content\/uploads\/2026\/04\/caravana-1.jpg 1600w\" sizes=\"(max-width: 1024px) 100vw, 1024px\" \/><\/figure>\n\n\n\n<p>A Caravana de Arte e Lazer \u00e9 uma iniciativa da Funda\u00e7\u00e3o de Artes, Esporte e Lazer de S\u00e3o Gon\u00e7alo (Faelsg) e, desde 2022, j\u00e1 percorreu mais de 60 bairros do munic\u00edpio, promovendo momentos de lazer e intera\u00e7\u00e3o social entre milhares de fam\u00edlias.&nbsp;<\/p>\n\n\n\n<p><strong>Servi\u00e7o:<\/strong><\/p>\n\n\n\n<p>S\u00e1bado (2\/5) &#8211; Rua Padre Nicolau Lu\u00eds, 50 &#8211; Mutuagua\u00e7u, das 9h \u00e0s 13h.<\/p>\n\n\n\n<p>Domingo (3\/5) &#8211; Rua La\u00eds Costa com Rua Ferreira de Castro &#8211; Pombal, das 9h \u00e0s 13h.<\/p>\n\n\n\n<p>Foto: Jonnathan Smith<\/p>\n\n\n\n<p><strong><em>Passe sua informa\u00e7\u00e3o pelo nosso WhatsApp: (21) <\/em><\/strong><strong><em>99744 5345<\/em><\/strong><strong><em><\/em><\/strong><\/p>\n\n\n\n<p><strong><em>S\u00e3o Gon\u00e7alo Vai Mudar: Not\u00edcias de S\u00e3o Gon\u00e7alo e toda regi\u00e3o.<\/em><\/strong><\/p>\n\n\n\n<figure class=\"wp-block-video\"><video height=\"1280\" style=\"aspect-ratio: 720 \/ 1280;\" width=\"720\" controls src=\"https:\/\/sgvaimudar.com.br\/wp-content\/uploads\/2026\/01\/NoticiaUrgete.logoSGVM.mp4\"><\/video><\/figure>\n","protected":false},"excerpt":{"rendered":"<p>Mutuagua\u00e7u e Pombal recebem projeto voltado para crian\u00e7as&nbsp; A Caravana de Arte e Lazer segue garantindo brincadeiras infantis e lanches&hellip;<\/p>\n","protected":false},"author":5,"featured_media":40861,"comment_status":"closed","ping_status":"open","sticky":false,"template":"","format":"standard","meta":{"fifu_image_url":"https:\/\/sgvaimudar.com.br\/wp-content\/uploads\/2026\/05\/unnamed-10.jpg","fifu_image_alt":"","footnotes":""},"categories":[6],"tags":[153,160,161,111,47,75],"class_list":["post-40858","post","type-post","status-publish","format-standard","has-post-thumbnail","hentry","category-entretenimento","tag-arte","tag-caravana","tag-lazer","tag-prefeitura","tag-rj","tag-sao-goncalo"],"_links":{"self":[{"href":"https:\/\/sgvaimudar.com.br\/index.php\/wp-json\/wp\/v2\/posts\/40858","targetHints":{"allow":["GET"]}}],"collection":[{"href":"https:\/\/sgvaimudar.com.br\/index.php\/wp-json\/wp\/v2\/posts"}],"about":[{"href":"https:\/\/sgvaimudar.com.br\/index.php\/wp-json\/wp\/v2\/types\/post"}],"author":[{"embeddable":true,"href":"https:\/\/sgvaimudar.com.br\/index.php\/wp-json\/wp\/v2\/users\/5"}],"replies":[{"embeddable":true,"href":"https:\/\/sgvaimudar.com.br\/index.php\/wp-json\/wp\/v2\/comments?post=40858"}],"version-history":[{"count":1,"href":"https:\/\/sgvaimudar.com.br\/index.php\/wp-json\/wp\/v2\/posts\/40858\/revisions"}],"predecessor-version":[{"id":40860,"href":"https:\/\/sgvaimudar.com.br\/index.php\/wp-json\/wp\/v2\/posts\/40858\/revisions\/40860"}],"wp:featuredmedia":[{"embeddable":true,"href":"https:\/\/sgvaimudar.com.br\/index.php\/wp-json\/wp\/v2\/media\/40861"}],"wp:attachment":[{"href":"https:\/\/sgvaimudar.com.br\/index.php\/wp-json\/wp\/v2\/media?parent=40858"}],"wp:term":[{"taxonomy":"category","embeddable":true,"href":"https:\/\/sgvaimudar.com.br\/index.php\/wp-json\/wp\/v2\/categories?post=40858"},{"taxonomy":"post_tag","embeddable":true,"href":"https:\/\/sgvaimudar.com.br\/index.php\/wp-json\/wp\/v2\/tags?post=40858"}],"curies":[{"name":"wp","href":"https:\/\/api.w.org\/{rel}","templated":true}]}}