{"id":40848,"date":"2026-05-01T09:22:07","date_gmt":"2026-05-01T12:22:07","guid":{"rendered":"https:\/\/sgvaimudar.com.br\/?p=40848"},"modified":"2026-05-01T09:22:07","modified_gmt":"2026-05-01T12:22:07","slug":"mulheres-goncalenses-se-formam-em-mais-uma-turma-do-projeto-lidera","status":"publish","type":"post","link":"https:\/\/sgvaimudar.com.br\/index.php\/2026\/05\/01\/mulheres-goncalenses-se-formam-em-mais-uma-turma-do-projeto-lidera\/","title":{"rendered":"Mulheres gon\u00e7alenses se formam em mais uma turma do projeto Lidera"},"content":{"rendered":"\n<p><em>Capacita\u00e7\u00e3o voltada ao empreendedorismo \u00e9 uma parceria entre Prefeitura e Sebrae<\/em><\/p>\n\n\n\n<p>A Secretaria de Assist\u00eancia Social da Prefeitura de S\u00e3o Gon\u00e7alo, atrav\u00e9s da Subsecretaria de Pol\u00edticas P\u00fablicas para as Mulheres, realizou, nesta quinta-feira (30) a cerim\u00f4nia de formatura da 17\u00aa turma do curso do projeto Lidera Mulher. O momento reuniu mulheres empreendedoras que conclu\u00edram o ciclo ap\u00f3s dez semanas de atividades no Espa\u00e7o Mais Conhecimento.&nbsp;<\/p>\n\n\n\n<p>O programa \u00e9 uma parceria da Prefeitura com o Sebrae e o Partage Shopping e oferece uma capacita\u00e7\u00e3o de orienta\u00e7\u00e3o t\u00e9cnica e est\u00edmulo \u00e0 autonomia financeira, sendo uma importante pol\u00edtica p\u00fablica de incentivo ao empreendedorismo feminino no munic\u00edpio.<\/p>\n\n\n\n<figure class=\"wp-block-image size-large\"><img fetchpriority=\"high\" decoding=\"async\" width=\"1024\" height=\"681\" src=\"https:\/\/sgvaimudar.com.br\/wp-content\/uploads\/2026\/05\/unnamed-7-1024x681.jpg\" alt=\"\" class=\"wp-image-40850\" srcset=\"https:\/\/sgvaimudar.com.br\/wp-content\/uploads\/2026\/05\/unnamed-7-1024x681.jpg 1024w, https:\/\/sgvaimudar.com.br\/wp-content\/uploads\/2026\/05\/unnamed-7-300x199.jpg 300w, https:\/\/sgvaimudar.com.br\/wp-content\/uploads\/2026\/05\/unnamed-7-768x511.jpg 768w, https:\/\/sgvaimudar.com.br\/wp-content\/uploads\/2026\/05\/unnamed-7-1536x1021.jpg 1536w, https:\/\/sgvaimudar.com.br\/wp-content\/uploads\/2026\/05\/unnamed-7-2048x1362.jpg 2048w\" sizes=\"(max-width: 1024px) 100vw, 1024px\" \/><\/figure>\n\n\n\n<p>Para a subsecret\u00e1ria de Pol\u00edticas P\u00fablicas para as Mulheres, Ana Cristina da Silva, a expectativa \u00e9 de que essa turma reforce ainda mais os resultados positivos do programa.<\/p>\n\n\n\n<p>\u201cSeguiremos investindo na qualifica\u00e7\u00e3o das mulheres gon\u00e7alenses, promovendo oportunidades reais de crescimento econ\u00f4mico e inclus\u00e3o produtiva. O Lidera Mulher continuar\u00e1 sendo um instrumento essencial para transformar trajet\u00f3rias e impulsionar sonhos por meio do empreendedorismo\u201d, afirmou.&nbsp;<\/p>\n\n\n\n<p>Ao longo do curso, as participantes t\u00eam acesso a muitos conte\u00fados estrat\u00e9gicos voltados \u00e0 gest\u00e3o e ao fortalecimento de pequenos neg\u00f3cios, incluindo planejamento, posicionamento de marca, vendas, precifica\u00e7\u00e3o, formaliza\u00e7\u00e3o como MEI, al\u00e9m da utiliza\u00e7\u00e3o de ferramentas digitais e de intelig\u00eancia artificial aplicadas ao empreendedorismo.&nbsp;<\/p>\n\n\n\n<p>A primeira-dama Marinete Ruas esteve presente na cerim\u00f4nia de formatura e parabenizou as novas empreendedoras.<\/p>\n\n\n\n<p>\u201cPara mim \u00e9 um grande prazer estar aqui para prestigi\u00e1-las, estou sempre divulgando as atividades do projeto. \u00c9 muito gratificante ter esse curso na nossa cidade, que garante capacita\u00e7\u00e3o e melhora aquilo que voc\u00eas j\u00e1 gostam de fazer. Tor\u00e7o por todas voc\u00eas,\u201d disse.<\/p>\n\n\n\n<p>Ap\u00f3s a certifica\u00e7\u00e3o, as formandas poder\u00e3o integrar equipamentos do projeto, como a Feira da Mulher Empreendedora, localizada na Pra\u00e7a Dr. Luiz Palmier, e o espa\u00e7o colaborativo do Lidera Mulher no Partage Shopping, fortalecendo redes de apoio e ampliando oportunidades de gera\u00e7\u00e3o de renda.<\/p>\n\n\n\n<p>\u201cEu j\u00e1 trabalho com vendas e quis aprimorar meus conhecimentos e meu trabalho informal com artesanato aqui no Lidera. Minha experi\u00eancia no curso foi excelente. Tudo que aprendi aqui vou levar para vida, porque al\u00e9m da capacita\u00e7\u00e3o t\u00e9cnica, tivemos rodas de conversa sobre nossas hist\u00f3rias de vida e foi muito bacana\u201d, disse a formanda, Carla Barroso, de 53 anos.<\/p>\n\n\n\n<p><em>Foto: Jonnathan Smith<\/em><\/p>\n\n\n\n<p><strong><em>Passe sua informa\u00e7\u00e3o pelo nosso WhatsApp: (21) <\/em><\/strong><strong><em>99744 5345<\/em><\/strong><strong><em><\/em><\/strong><\/p>\n\n\n\n<p><strong><em>S\u00e3o Gon\u00e7alo Vai Mudar: Not\u00edcias de S\u00e3o Gon\u00e7alo e toda regi\u00e3o.<\/em><\/strong><\/p>\n\n\n\n<figure class=\"wp-block-image size-large is-resized\"><img decoding=\"async\" width=\"577\" height=\"1024\" src=\"https:\/\/sgvaimudar.com.br\/wp-content\/uploads\/2026\/01\/vceoreporter.SGVM_-577x1024.jpg\" alt=\"\" class=\"wp-image-36417\" style=\"width:664px;height:auto\" srcset=\"https:\/\/sgvaimudar.com.br\/wp-content\/uploads\/2026\/01\/vceoreporter.SGVM_-577x1024.jpg 577w, https:\/\/sgvaimudar.com.br\/wp-content\/uploads\/2026\/01\/vceoreporter.SGVM_-169x300.jpg 169w, https:\/\/sgvaimudar.com.br\/wp-content\/uploads\/2026\/01\/vceoreporter.SGVM_.jpg 640w\" sizes=\"(max-width: 577px) 100vw, 577px\" \/><\/figure>\n","protected":false},"excerpt":{"rendered":"<p>Capacita\u00e7\u00e3o voltada ao empreendedorismo \u00e9 uma parceria entre Prefeitura e Sebrae A Secretaria de Assist\u00eancia Social da Prefeitura de S\u00e3o&hellip;<\/p>\n","protected":false},"author":5,"featured_media":40852,"comment_status":"closed","ping_status":"open","sticky":false,"template":"","format":"standard","meta":{"fifu_image_url":"https:\/\/sgvaimudar.com.br\/wp-content\/uploads\/2026\/05\/unnamed-6-scaled.jpg","fifu_image_alt":"","footnotes":""},"categories":[3],"tags":[251,936,401,591,592,111,47,75],"class_list":["post-40848","post","type-post","status-publish","format-standard","has-post-thumbnail","hentry","category-sao-goncalo","tag-capacitacao","tag-cerimonia","tag-formatura","tag-lidera","tag-mulher","tag-prefeitura","tag-rj","tag-sao-goncalo"],"_links":{"self":[{"href":"https:\/\/sgvaimudar.com.br\/index.php\/wp-json\/wp\/v2\/posts\/40848","targetHints":{"allow":["GET"]}}],"collection":[{"href":"https:\/\/sgvaimudar.com.br\/index.php\/wp-json\/wp\/v2\/posts"}],"about":[{"href":"https:\/\/sgvaimudar.com.br\/index.php\/wp-json\/wp\/v2\/types\/post"}],"author":[{"embeddable":true,"href":"https:\/\/sgvaimudar.com.br\/index.php\/wp-json\/wp\/v2\/users\/5"}],"replies":[{"embeddable":true,"href":"https:\/\/sgvaimudar.com.br\/index.php\/wp-json\/wp\/v2\/comments?post=40848"}],"version-history":[{"count":1,"href":"https:\/\/sgvaimudar.com.br\/index.php\/wp-json\/wp\/v2\/posts\/40848\/revisions"}],"predecessor-version":[{"id":40851,"href":"https:\/\/sgvaimudar.com.br\/index.php\/wp-json\/wp\/v2\/posts\/40848\/revisions\/40851"}],"wp:featuredmedia":[{"embeddable":true,"href":"https:\/\/sgvaimudar.com.br\/index.php\/wp-json\/wp\/v2\/media\/40852"}],"wp:attachment":[{"href":"https:\/\/sgvaimudar.com.br\/index.php\/wp-json\/wp\/v2\/media?parent=40848"}],"wp:term":[{"taxonomy":"category","embeddable":true,"href":"https:\/\/sgvaimudar.com.br\/index.php\/wp-json\/wp\/v2\/categories?post=40848"},{"taxonomy":"post_tag","embeddable":true,"href":"https:\/\/sgvaimudar.com.br\/index.php\/wp-json\/wp\/v2\/tags?post=40848"}],"curies":[{"name":"wp","href":"https:\/\/api.w.org\/{rel}","templated":true}]}}