{"id":40834,"date":"2026-04-30T10:15:29","date_gmt":"2026-04-30T13:15:29","guid":{"rendered":"https:\/\/sgvaimudar.com.br\/?p=40834"},"modified":"2026-04-30T10:18:36","modified_gmt":"2026-04-30T13:18:36","slug":"presidente-da-alerj-douglas-ruas-pressiona-por-definicao-rapida-de-eleicao-para-governador-interino-e-defende-voto-direto","status":"publish","type":"post","link":"https:\/\/sgvaimudar.com.br\/index.php\/2026\/04\/30\/presidente-da-alerj-douglas-ruas-pressiona-por-definicao-rapida-de-eleicao-para-governador-interino-e-defende-voto-direto\/","title":{"rendered":"Presidente da Alerj, Douglas Ruas pressiona por defini\u00e7\u00e3o r\u00e1pida de elei\u00e7\u00e3o para governador interino e defende voto direto"},"content":{"rendered":"\n<p><em>Deputado classificou a\u00e7\u00f5es de partidos pol\u00edticos que impedem realiza\u00e7\u00e3o do pleito como \u2018gincana jur\u00eddica\u2019 e fez discurso em defesa da demoracia<\/em><\/p>\n\n\n\n<p>O presidente da Assembleia Legislativa do Rio (Alerj), deputado Douglas Ruas (PL), discursou, na sess\u00e3o plen\u00e1ria desta quarta-feira (29), em defesa da celeridade da realiza\u00e7\u00e3o da elei\u00e7\u00e3o para governador tamp\u00e3o do Estado. O parlamentar destacou que a defini\u00e7\u00e3o do novo chefe do Executivo ir\u00e1 p\u00f4r fim \u00e0 instabilidade institucional pela qual passa o Rio de Janeiro.<\/p>\n\n\n\n<p>Ruas ainda ressaltou que a comunica\u00e7\u00e3o ao Supremo Tribunal Federal (STF) de sua elei\u00e7\u00e3o para a presid\u00eancia da Alerj, feita na semana passada, trata-se de um \u201cfato novo de extrema relev\u00e2ncia\u201d, de modo a restabelecer a linha sucess\u00f3ria para o governo fluminense. O presidente refor\u00e7ou que tal medida n\u00e3o \u00e9 uma quest\u00e3o individual de um parlamentar, mas sim uma prerrogativa do Poder Legislativo do Estado do Rio.<\/p>\n\n\n\n<p>\u201cDepois de muito di\u00e1logo com a Procuradoria da nossa Casa, eu estive em Bras\u00edlia na quinta-feira. Conversei com o presidente da C\u00e2mara, Hugo Motta, e falei com o presidente do Senado, Davi Alcolumbre. Chegamos \u00e0 conclus\u00e3o de que esta Casa tinha dever institucional informar ao Supremo Tribunal Federal que foi realizada uma elei\u00e7\u00e3o para presidente do Poder Legislativo estadual\u201d, discursou Ruas.<\/p>\n\n\n\n<p>Ruas tamb\u00e9m criticou uma peti\u00e7\u00e3o feita pelo partido PSD ao Supremo, solicitando que, apesar da reconstitui\u00e7\u00e3o da linha sucess\u00f3ria, o presidente do Tribunal de Justi\u00e7a (TJ-RJ), Ricardo Couto de Castro, fosse mantido na chefia do Executivo interinamente. O deputado afirmou que isso contraria as constitui\u00e7\u00f5es Federal e Estadual e afirmou que a impossibilidade de o chefe do Legislativo assumir o Executivo, em decorr\u00eancia dessas a\u00e7\u00f5es, abre um precedente muito ruim.<\/p>\n\n\n\n<p>\u201cO PSD fez uma peti\u00e7\u00e3o pedindo ao Supremo Tribunal Federal para que n\u00e3o se cumpra a linha sucess\u00f3ria estabelecida na Constitui\u00e7\u00e3o do Estado do Rio de Janeiro, que \u00e9 uma c\u00f3pia fiel \u00e0 Constitui\u00e7\u00e3o Federal da Rep\u00fablica. \u00c9 um precedente muito ruim um partido pol\u00edtico entrar com uma peti\u00e7\u00e3o pedindo para n\u00e3o cumprir a Constitui\u00e7\u00e3o\u201d, refor\u00e7ou Ruas.<\/p>\n\n\n\n<p><em>Defesa das diretas<\/em><\/p>\n\n\n\n<p>Em sua fala, Douglas Ruas defendeu que a elei\u00e7\u00e3o para o mandato tamp\u00e3o seja feita atrav\u00e9s do voto direto da popula\u00e7\u00e3o. Por fim, afirmou que esta defini\u00e7\u00e3o j\u00e1 deveria ter acontecido e conclamou aos demais deputados, de todas as correntes pol\u00edticas, trabalhem em conjunto para acabar com o estado de instabilidade institucional pelo qual passa o Estado do Rio.<\/p>\n\n\n\n<p>\u201cO nosso pedido \u00e9 para que o Supremo Tribunal Federal tome a decis\u00e3o o quanto antes e n\u00f3s possamos, seja de maneira direta ou indireta, eleger o novo governador. J\u00e1 me manifestei que seria melhor uma elei\u00e7\u00e3o direta, porque entendo que \u00e9 esse o exerc\u00edcio pleno da democracia. Por mim, n\u00e3o deveria existir essa figura da elei\u00e7\u00e3o indireta no nosso ordenamento jur\u00eddico\u201d, concluiu o presidente da Alerj.<\/p>\n\n\n\n<p><strong><em>Passe sua informa\u00e7\u00e3o pelo nosso WhatsApp: (21) <\/em><\/strong><strong><em>99744 5345<\/em><\/strong><strong><em><\/em><\/strong><\/p>\n\n\n\n<p><strong><em>S\u00e3o Gon\u00e7alo Vai Mudar: Not\u00edcias de S\u00e3o Gon\u00e7alo e toda regi\u00e3o.<\/em><\/strong><\/p>\n\n\n\n<figure class=\"wp-block-video\"><video height=\"1280\" style=\"aspect-ratio: 720 \/ 1280;\" width=\"720\" controls src=\"https:\/\/sgvaimudar.com.br\/wp-content\/uploads\/2026\/01\/logo2026.mp4\"><\/video><\/figure>\n\n\n\n<p><\/p>\n","protected":false},"excerpt":{"rendered":"<p>Deputado classificou a\u00e7\u00f5es de partidos pol\u00edticos que impedem realiza\u00e7\u00e3o do pleito como \u2018gincana jur\u00eddica\u2019 e fez discurso em defesa da&hellip;<\/p>\n","protected":false},"author":5,"featured_media":40837,"comment_status":"closed","ping_status":"open","sticky":false,"template":"","format":"standard","meta":{"fifu_image_url":"https:\/\/sgvaimudar.com.br\/wp-content\/uploads\/2026\/04\/WhatsApp-Image-2026-04-29-at-19.06.14.jpeg","fifu_image_alt":"","footnotes":""},"categories":[4],"tags":[650,2229,74,445,40,1310,1332,47,75],"class_list":["post-40834","post","type-post","status-publish","format-standard","has-post-thumbnail","hentry","category-brasil","tag-alerj","tag-definicao","tag-eleicao","tag-governador","tag-guerra","tag-politica","tag-pressao","tag-rj","tag-sao-goncalo"],"_links":{"self":[{"href":"https:\/\/sgvaimudar.com.br\/index.php\/wp-json\/wp\/v2\/posts\/40834","targetHints":{"allow":["GET"]}}],"collection":[{"href":"https:\/\/sgvaimudar.com.br\/index.php\/wp-json\/wp\/v2\/posts"}],"about":[{"href":"https:\/\/sgvaimudar.com.br\/index.php\/wp-json\/wp\/v2\/types\/post"}],"author":[{"embeddable":true,"href":"https:\/\/sgvaimudar.com.br\/index.php\/wp-json\/wp\/v2\/users\/5"}],"replies":[{"embeddable":true,"href":"https:\/\/sgvaimudar.com.br\/index.php\/wp-json\/wp\/v2\/comments?post=40834"}],"version-history":[{"count":2,"href":"https:\/\/sgvaimudar.com.br\/index.php\/wp-json\/wp\/v2\/posts\/40834\/revisions"}],"predecessor-version":[{"id":40838,"href":"https:\/\/sgvaimudar.com.br\/index.php\/wp-json\/wp\/v2\/posts\/40834\/revisions\/40838"}],"wp:featuredmedia":[{"embeddable":true,"href":"https:\/\/sgvaimudar.com.br\/index.php\/wp-json\/wp\/v2\/media\/40837"}],"wp:attachment":[{"href":"https:\/\/sgvaimudar.com.br\/index.php\/wp-json\/wp\/v2\/media?parent=40834"}],"wp:term":[{"taxonomy":"category","embeddable":true,"href":"https:\/\/sgvaimudar.com.br\/index.php\/wp-json\/wp\/v2\/categories?post=40834"},{"taxonomy":"post_tag","embeddable":true,"href":"https:\/\/sgvaimudar.com.br\/index.php\/wp-json\/wp\/v2\/tags?post=40834"}],"curies":[{"name":"wp","href":"https:\/\/api.w.org\/{rel}","templated":true}]}}