{"id":40818,"date":"2026-04-30T15:00:00","date_gmt":"2026-04-30T18:00:00","guid":{"rendered":"https:\/\/sgvaimudar.com.br\/?p=40818"},"modified":"2026-04-30T09:19:37","modified_gmt":"2026-04-30T12:19:37","slug":"itaborai-celebra-193-anos-com-samba-do-trabalhador-no-feriado-de-1o-de-maio","status":"publish","type":"post","link":"https:\/\/sgvaimudar.com.br\/index.php\/2026\/04\/30\/itaborai-celebra-193-anos-com-samba-do-trabalhador-no-feriado-de-1o-de-maio\/","title":{"rendered":"Itabora\u00ed celebra 193 anos com Samba do Trabalhador no feriado de 1\u00ba de maio"},"content":{"rendered":"\n<p><em>Pra\u00e7a Marechal Floriano Peixoto recebe shows ao vivo e celebra a cultura do samba a partir das 17h<\/em><\/p>\n\n\n\n<p>A Prefeitura de Itabora\u00ed, por meio da Secretaria Municipal de Turismo e Eventos (Semtur), promove nesta sexta-feira (01\/05) o tradicional Samba do Trabalhador. O evento gratuito acontece na Pra\u00e7a Marechal Floriano Peixoto, no Centro, a partir das 17h, abrindo a programa\u00e7\u00e3o em celebra\u00e7\u00e3o aos 193 anos de emancipa\u00e7\u00e3o pol\u00edtico-administrativa da cidade, reunindo m\u00fasica, cultura e lazer em homenagem ao Dia do Trabalhador.<\/p>\n\n\n\n<figure class=\"wp-block-image size-large\"><img fetchpriority=\"high\" decoding=\"async\" width=\"1024\" height=\"768\" src=\"https:\/\/sgvaimudar.com.br\/wp-content\/uploads\/2026\/04\/Itaborai-193-anos-Samba-do-Trabalhador-anima-Itaborai-no-feriado-de-1o-de-maio-1024x768.jpeg\" alt=\"\" class=\"wp-image-40820\" srcset=\"https:\/\/sgvaimudar.com.br\/wp-content\/uploads\/2026\/04\/Itaborai-193-anos-Samba-do-Trabalhador-anima-Itaborai-no-feriado-de-1o-de-maio-1024x768.jpeg 1024w, https:\/\/sgvaimudar.com.br\/wp-content\/uploads\/2026\/04\/Itaborai-193-anos-Samba-do-Trabalhador-anima-Itaborai-no-feriado-de-1o-de-maio-300x225.jpeg 300w, https:\/\/sgvaimudar.com.br\/wp-content\/uploads\/2026\/04\/Itaborai-193-anos-Samba-do-Trabalhador-anima-Itaborai-no-feriado-de-1o-de-maio-768x576.jpeg 768w, https:\/\/sgvaimudar.com.br\/wp-content\/uploads\/2026\/04\/Itaborai-193-anos-Samba-do-Trabalhador-anima-Itaborai-no-feriado-de-1o-de-maio-1536x1152.jpeg 1536w, https:\/\/sgvaimudar.com.br\/wp-content\/uploads\/2026\/04\/Itaborai-193-anos-Samba-do-Trabalhador-anima-Itaborai-no-feriado-de-1o-de-maio.jpeg 1600w\" sizes=\"(max-width: 1024px) 100vw, 1024px\" \/><\/figure>\n\n\n\n<p>A programa\u00e7\u00e3o foi pensada para agradar diferentes p\u00fablicos, com apresenta\u00e7\u00f5es que destacam a for\u00e7a do samba e do pagode. Entre as atra\u00e7\u00f5es, o Pagode da Alegria sobe ao palco reunindo talentos como Bruninho do Cavaco, Kelly Valadares e o grupo Pagode do Menezes, garantindo um repert\u00f3rio animado e cheio de sucessos.<\/p>\n\n\n\n<p>Os amantes do samba raiz poder\u00e3o vivenciar a apresenta\u00e7\u00e3o especial de Gabrielzinho de Iraj\u00e1, com participa\u00e7\u00e3o de Aninha Portal, refor\u00e7ando a conex\u00e3o com as origens e a identidade cultural brasileira.<\/p>\n\n\n\n<p>O Samba do Trabalhador j\u00e1 se consolidou como um dos eventos mais aguardados da cidade, oferecendo um espa\u00e7o de conviv\u00eancia, celebra\u00e7\u00e3o e reconhecimento \u00e0 popula\u00e7\u00e3o trabalhadora de Itabora\u00ed. A iniciativa refor\u00e7a o compromisso da gest\u00e3o municipal em promover cultura e entretenimento acess\u00edveis, fortalecendo os la\u00e7os comunit\u00e1rios e valorizando artistas locais.<\/p>\n\n\n\n<p><strong>Servi\u00e7o<\/strong><br><strong>Data<\/strong>: 1\u00b0 de maio<br><strong>Hor\u00e1rio<\/strong>: 17h<br><strong>Local<\/strong>: Pra\u00e7a Marechal Floriano Peixoto, Centro.<br><strong>Evento gratuito<\/strong><\/p>\n\n\n\n<p><strong><em>Passe sua informa\u00e7\u00e3o pelo nosso WhatsApp: (21) <\/em><\/strong><strong><em>99744 5345<\/em><\/strong><strong><em><\/em><\/strong><\/p>\n\n\n\n<p><strong><em>S\u00e3o Gon\u00e7alo Vai Mudar: Not\u00edcias de S\u00e3o Gon\u00e7alo e toda regi\u00e3o.<\/em><\/strong><\/p>\n\n\n\n<figure class=\"wp-block-video\"><video height=\"1280\" style=\"aspect-ratio: 720 \/ 1280;\" width=\"720\" controls src=\"https:\/\/sgvaimudar.com.br\/wp-content\/uploads\/2026\/01\/NoticiaUrgete.logoSGVM.mp4\"><\/video><\/figure>\n","protected":false},"excerpt":{"rendered":"<p>Pra\u00e7a Marechal Floriano Peixoto recebe shows ao vivo e celebra a cultura do samba a partir das 17h A Prefeitura&hellip;<\/p>\n","protected":false},"author":5,"featured_media":40822,"comment_status":"closed","ping_status":"open","sticky":false,"template":"","format":"standard","meta":{"fifu_image_url":"https:\/\/sgvaimudar.com.br\/wp-content\/uploads\/2025\/05\/Itaborai-192-anos-Musica-gospel-da-inicio-a-maratona-de-shows-em-celebracao-ao-aniversario-da-cidade-3-scaled.jpeg","fifu_image_alt":"","footnotes":""},"categories":[6],"tags":[2227,990,261,150,2226,47,2205],"class_list":["post-40818","post","type-post","status-publish","format-standard","has-post-thumbnail","hentry","category-entretenimento","tag-193-anos","tag-celebracao","tag-festa","tag-itaborai","tag-niver","tag-rj","tag-trabalhador"],"_links":{"self":[{"href":"https:\/\/sgvaimudar.com.br\/index.php\/wp-json\/wp\/v2\/posts\/40818","targetHints":{"allow":["GET"]}}],"collection":[{"href":"https:\/\/sgvaimudar.com.br\/index.php\/wp-json\/wp\/v2\/posts"}],"about":[{"href":"https:\/\/sgvaimudar.com.br\/index.php\/wp-json\/wp\/v2\/types\/post"}],"author":[{"embeddable":true,"href":"https:\/\/sgvaimudar.com.br\/index.php\/wp-json\/wp\/v2\/users\/5"}],"replies":[{"embeddable":true,"href":"https:\/\/sgvaimudar.com.br\/index.php\/wp-json\/wp\/v2\/comments?post=40818"}],"version-history":[{"count":1,"href":"https:\/\/sgvaimudar.com.br\/index.php\/wp-json\/wp\/v2\/posts\/40818\/revisions"}],"predecessor-version":[{"id":40821,"href":"https:\/\/sgvaimudar.com.br\/index.php\/wp-json\/wp\/v2\/posts\/40818\/revisions\/40821"}],"wp:featuredmedia":[{"embeddable":true,"href":"https:\/\/sgvaimudar.com.br\/index.php\/wp-json\/wp\/v2\/media\/40822"}],"wp:attachment":[{"href":"https:\/\/sgvaimudar.com.br\/index.php\/wp-json\/wp\/v2\/media?parent=40818"}],"wp:term":[{"taxonomy":"category","embeddable":true,"href":"https:\/\/sgvaimudar.com.br\/index.php\/wp-json\/wp\/v2\/categories?post=40818"},{"taxonomy":"post_tag","embeddable":true,"href":"https:\/\/sgvaimudar.com.br\/index.php\/wp-json\/wp\/v2\/tags?post=40818"}],"curies":[{"name":"wp","href":"https:\/\/api.w.org\/{rel}","templated":true}]}}