{"id":40814,"date":"2026-04-30T13:00:00","date_gmt":"2026-04-30T16:00:00","guid":{"rendered":"https:\/\/sgvaimudar.com.br\/?p=40814"},"modified":"2026-04-30T09:05:00","modified_gmt":"2026-04-30T12:05:00","slug":"festa-do-trabalhador-com-os-garotin-acontece-nesta-sexta-feira-1o-no-parque-rj-nosso-sonho-em-sao-goncalo","status":"publish","type":"post","link":"https:\/\/sgvaimudar.com.br\/index.php\/2026\/04\/30\/festa-do-trabalhador-com-os-garotin-acontece-nesta-sexta-feira-1o-no-parque-rj-nosso-sonho-em-sao-goncalo\/","title":{"rendered":"Festa do Trabalhador com Os Garotin acontece nesta sexta-feira (1\u00ba) no Parque RJ Nosso Sonho, em S\u00e3o Gon\u00e7alo"},"content":{"rendered":"\n<p><em>Programa\u00e7\u00e3o \u00e9 pensada para toda a fam\u00edlia gon\u00e7alense com atividades durante toda a tarde<\/em><\/p>\n\n\n\n<p>O munic\u00edpio de S\u00e3o Gon\u00e7alo prepara uma grande celebra\u00e7\u00e3o para o 1\u00ba de Maio, com a Festa do Trabalhador, que acontece nesta sexta-feira no Parque RJ Nosso Sonho, no bairro Boa Vista. <\/p>\n\n\n\n<p>A programa\u00e7\u00e3o tem como destaque o show do grupo Os Garotin e re\u00fane atra\u00e7\u00f5es para toda a fam\u00edlia, em uma iniciativa realizada pela Prefeitura de S\u00e3o Gon\u00e7alo em parceria com o Sesc RJ e o SindCom\u00e9rcio S\u00e3o Gon\u00e7alo.<\/p>\n\n\n\n<figure class=\"wp-block-image size-large\"><img fetchpriority=\"high\" decoding=\"async\" width=\"768\" height=\"1024\" src=\"https:\/\/sgvaimudar.com.br\/wp-content\/uploads\/2026\/04\/unnamed-2-16-768x1024.jpg\" alt=\"\" class=\"wp-image-40815\" srcset=\"https:\/\/sgvaimudar.com.br\/wp-content\/uploads\/2026\/04\/unnamed-2-16-768x1024.jpg 768w, https:\/\/sgvaimudar.com.br\/wp-content\/uploads\/2026\/04\/unnamed-2-16-225x300.jpg 225w, https:\/\/sgvaimudar.com.br\/wp-content\/uploads\/2026\/04\/unnamed-2-16.jpg 960w\" sizes=\"(max-width: 768px) 100vw, 768px\" \/><\/figure>\n\n\n\n<p>Os port\u00f5es do parque, excepcionalmente neste dia, ser\u00e3o abertos \u00e0s 15h, dando in\u00edcio a uma tarde de atividades. O p\u00fablico poder\u00e1 aproveitar viv\u00eancias esportivas, como futebol feminino, v\u00f4lei, basquete e lutas, al\u00e9m de aul\u00f5es com ritmos, funcional e circuito, incentivando o bem-estar e a pr\u00e1tica de exerc\u00edcios.&nbsp;<\/p>\n\n\n\n<p>Para as crian\u00e7as e fam\u00edlias, o evento contar\u00e1 com espa\u00e7o de leitura com media\u00e7\u00e3o, recrea\u00e7\u00e3o infantil e oficinas interativas, incluindo atividades de sustentabilidade, oficina de f\u00f3sseis, rob\u00f3tica e experi\u00eancias com realidade virtual. Entre os destaques, a cl\u00ednica de skate com skatista Nilo Pe\u00e7anha promete atrair o p\u00fablico jovem com orienta\u00e7\u00f5es pr\u00e1ticas e incentivo ao esporte.<\/p>\n\n\n\n<p>Na programa\u00e7\u00e3o musical, a partir das 18h, o cantor Maykon sobe ao palco, seguido da apresenta\u00e7\u00e3o especial da escola de samba Unidos do Salgueiro de S\u00e3o Gon\u00e7alo, campe\u00e3 do carnaval gon\u00e7alense deste ano. O encerramento fica por conta de Os Garotin, que se apresentam \u00e0s 20h, garantindo muita anima\u00e7\u00e3o para celebrar a data.<\/p>\n\n\n\n<p><strong>Servi\u00e7o:&nbsp;<\/strong><\/p>\n\n\n\n<p>Data: 1\u00ba de maio (sexta-feira)<\/p>\n\n\n\n<p>Hor\u00e1rio: A partir das 15h&nbsp;<\/p>\n\n\n\n<p>Local: Parque RJ Nosso Sonho \u2013 S\u00e3o Gon\u00e7alo (Rua Formosa, Boa Vista)<\/p>\n\n\n\n<p>Entrada: Gratuita<\/p>\n\n\n\n<p><strong><em>Passe sua informa\u00e7\u00e3o pelo nosso WhatsApp: (21) <\/em><\/strong><strong><em>99744 5345<\/em><\/strong><strong><em><\/em><\/strong><\/p>\n\n\n\n<p><strong><em>S\u00e3o Gon\u00e7alo Vai Mudar: Not\u00edcias de S\u00e3o Gon\u00e7alo e toda regi\u00e3o.<\/em><\/strong><\/p>\n\n\n\n<figure class=\"wp-block-video\"><video height=\"1280\" style=\"aspect-ratio: 720 \/ 1280;\" width=\"720\" controls src=\"https:\/\/sgvaimudar.com.br\/wp-content\/uploads\/2026\/01\/NoticiaUrgete.logoSGVM.mp4\"><\/video><\/figure>\n\n\n\n<p><\/p>\n","protected":false},"excerpt":{"rendered":"<p>Programa\u00e7\u00e3o \u00e9 pensada para toda a fam\u00edlia gon\u00e7alense com atividades durante toda a tarde O munic\u00edpio de S\u00e3o Gon\u00e7alo prepara&hellip;<\/p>\n","protected":false},"author":5,"featured_media":40817,"comment_status":"closed","ping_status":"open","sticky":false,"template":"","format":"standard","meta":{"fifu_image_url":"https:\/\/sgvaimudar.com.br\/wp-content\/uploads\/2026\/03\/ParqueRJNossoSonhoFachada.divulgacao.PMSG_.jpg","fifu_image_alt":"","footnotes":""},"categories":[6],"tags":[180,1487,1072,47,75,1488,429],"class_list":["post-40814","post","type-post","status-publish","format-standard","has-post-thumbnail","hentry","category-entretenimento","tag-dia","tag-nosso","tag-parque","tag-rj","tag-sao-goncalo","tag-sonho","tag-trabalho"],"_links":{"self":[{"href":"https:\/\/sgvaimudar.com.br\/index.php\/wp-json\/wp\/v2\/posts\/40814","targetHints":{"allow":["GET"]}}],"collection":[{"href":"https:\/\/sgvaimudar.com.br\/index.php\/wp-json\/wp\/v2\/posts"}],"about":[{"href":"https:\/\/sgvaimudar.com.br\/index.php\/wp-json\/wp\/v2\/types\/post"}],"author":[{"embeddable":true,"href":"https:\/\/sgvaimudar.com.br\/index.php\/wp-json\/wp\/v2\/users\/5"}],"replies":[{"embeddable":true,"href":"https:\/\/sgvaimudar.com.br\/index.php\/wp-json\/wp\/v2\/comments?post=40814"}],"version-history":[{"count":1,"href":"https:\/\/sgvaimudar.com.br\/index.php\/wp-json\/wp\/v2\/posts\/40814\/revisions"}],"predecessor-version":[{"id":40816,"href":"https:\/\/sgvaimudar.com.br\/index.php\/wp-json\/wp\/v2\/posts\/40814\/revisions\/40816"}],"wp:featuredmedia":[{"embeddable":true,"href":"https:\/\/sgvaimudar.com.br\/index.php\/wp-json\/wp\/v2\/media\/40817"}],"wp:attachment":[{"href":"https:\/\/sgvaimudar.com.br\/index.php\/wp-json\/wp\/v2\/media?parent=40814"}],"wp:term":[{"taxonomy":"category","embeddable":true,"href":"https:\/\/sgvaimudar.com.br\/index.php\/wp-json\/wp\/v2\/categories?post=40814"},{"taxonomy":"post_tag","embeddable":true,"href":"https:\/\/sgvaimudar.com.br\/index.php\/wp-json\/wp\/v2\/tags?post=40814"}],"curies":[{"name":"wp","href":"https:\/\/api.w.org\/{rel}","templated":true}]}}