{"id":40796,"date":"2026-04-30T07:40:10","date_gmt":"2026-04-30T10:40:10","guid":{"rendered":"https:\/\/sgvaimudar.com.br\/?p=40796"},"modified":"2026-04-30T07:40:11","modified_gmt":"2026-04-30T10:40:11","slug":"7o-bpm-remove-54-toneladas-de-barricadas-em-sao-goncalo","status":"publish","type":"post","link":"https:\/\/sgvaimudar.com.br\/index.php\/2026\/04\/30\/7o-bpm-remove-54-toneladas-de-barricadas-em-sao-goncalo\/","title":{"rendered":"7\u00ba BPM remove 54 toneladas de barricadas em S\u00e3o Gon\u00e7alo"},"content":{"rendered":"\n<p><em>Os agentes atuaram na remo\u00e7\u00e3o de 12 pontos de barricadas<\/em><\/p>\n\n\n\n<p>Os policiais militares realizaram no in\u00edcio da semana (segunda 27), a opera\u00e7\u00e3o \u201cBarricada Zero\u201d na Rua Austria, no bairro V\u00e1rzea das Mo\u00e7as, em S\u00e3o Gon\u00e7alo, ap\u00f3s informa\u00e7\u00f5es repassadas pelo Disque Den\u00fancia.<\/p>\n\n\n\n<p>A a\u00e7\u00e3o foi desenvolvida em dois turnos, na parte da manh\u00e3 cinco ruas foram desobstru\u00eddas, j\u00e1 na parte da tarde foram quatro vias. Ao todo, a opera\u00e7\u00e3o resultou na libera\u00e7\u00e3o de nove vias, na remo\u00e7\u00e3o de 12 pontos de barricadas e retirada de 54 toneladas de entulho.\u00a0<\/p>\n\n\n\n<p><strong><em>Passe sua informa\u00e7\u00e3o pelo nosso WhatsApp: (21) <\/em><\/strong><strong><em>99744 5345<\/em><\/strong><strong><em><\/em><\/strong><\/p>\n\n\n\n<p><strong><em>S\u00e3o Gon\u00e7alo Vai Mudar: Not\u00edcias de S\u00e3o Gon\u00e7alo e toda regi\u00e3o.<\/em><\/strong><\/p>\n\n\n\n<figure class=\"wp-block-image size-large is-resized\"><img fetchpriority=\"high\" decoding=\"async\" width=\"577\" height=\"1024\" src=\"https:\/\/sgvaimudar.com.br\/wp-content\/uploads\/2026\/01\/vceoreporter.SGVM_-577x1024.jpg\" alt=\"\" class=\"wp-image-36417\" style=\"width:693px;height:auto\" srcset=\"https:\/\/sgvaimudar.com.br\/wp-content\/uploads\/2026\/01\/vceoreporter.SGVM_-577x1024.jpg 577w, https:\/\/sgvaimudar.com.br\/wp-content\/uploads\/2026\/01\/vceoreporter.SGVM_-169x300.jpg 169w, https:\/\/sgvaimudar.com.br\/wp-content\/uploads\/2026\/01\/vceoreporter.SGVM_.jpg 640w\" sizes=\"(max-width: 577px) 100vw, 577px\" \/><\/figure>\n","protected":false},"excerpt":{"rendered":"<p>Os agentes atuaram na remo\u00e7\u00e3o de 12 pontos de barricadas Os policiais militares realizaram no in\u00edcio da semana (segunda 27),&hellip;<\/p>\n","protected":false},"author":5,"featured_media":40799,"comment_status":"closed","ping_status":"open","sticky":false,"template":"","format":"standard","meta":{"fifu_image_url":"https:\/\/sgvaimudar.com.br\/wp-content\/uploads\/2026\/04\/28_4_2026__1_5fe42504-c1e5-4249-a92f-ed5299526fb0.jpg","fifu_image_alt":"","footnotes":""},"categories":[32],"tags":[281,227,299,47,75,229],"class_list":["post-40796","post","type-post","status-publish","format-standard","has-post-thumbnail","hentry","category-casos-de-policia","tag-barricada","tag-operacao","tag-policia","tag-rj","tag-sao-goncalo","tag-zero"],"_links":{"self":[{"href":"https:\/\/sgvaimudar.com.br\/index.php\/wp-json\/wp\/v2\/posts\/40796","targetHints":{"allow":["GET"]}}],"collection":[{"href":"https:\/\/sgvaimudar.com.br\/index.php\/wp-json\/wp\/v2\/posts"}],"about":[{"href":"https:\/\/sgvaimudar.com.br\/index.php\/wp-json\/wp\/v2\/types\/post"}],"author":[{"embeddable":true,"href":"https:\/\/sgvaimudar.com.br\/index.php\/wp-json\/wp\/v2\/users\/5"}],"replies":[{"embeddable":true,"href":"https:\/\/sgvaimudar.com.br\/index.php\/wp-json\/wp\/v2\/comments?post=40796"}],"version-history":[{"count":1,"href":"https:\/\/sgvaimudar.com.br\/index.php\/wp-json\/wp\/v2\/posts\/40796\/revisions"}],"predecessor-version":[{"id":40798,"href":"https:\/\/sgvaimudar.com.br\/index.php\/wp-json\/wp\/v2\/posts\/40796\/revisions\/40798"}],"wp:featuredmedia":[{"embeddable":true,"href":"https:\/\/sgvaimudar.com.br\/index.php\/wp-json\/wp\/v2\/media\/40799"}],"wp:attachment":[{"href":"https:\/\/sgvaimudar.com.br\/index.php\/wp-json\/wp\/v2\/media?parent=40796"}],"wp:term":[{"taxonomy":"category","embeddable":true,"href":"https:\/\/sgvaimudar.com.br\/index.php\/wp-json\/wp\/v2\/categories?post=40796"},{"taxonomy":"post_tag","embeddable":true,"href":"https:\/\/sgvaimudar.com.br\/index.php\/wp-json\/wp\/v2\/tags?post=40796"}],"curies":[{"name":"wp","href":"https:\/\/api.w.org\/{rel}","templated":true}]}}