{"id":40776,"date":"2026-04-29T13:00:00","date_gmt":"2026-04-29T16:00:00","guid":{"rendered":"https:\/\/sgvaimudar.com.br\/?p=40776"},"modified":"2026-04-29T09:27:05","modified_gmt":"2026-04-29T12:27:05","slug":"ronaldo-damiao-assume-secretaria-de-saude-do-estado-do-rio-de-janeiro","status":"publish","type":"post","link":"https:\/\/sgvaimudar.com.br\/index.php\/2026\/04\/29\/ronaldo-damiao-assume-secretaria-de-saude-do-estado-do-rio-de-janeiro\/","title":{"rendered":"Ronaldo Dami\u00e3o assume Secretaria de Sa\u00fade do Estado do Rio de Janeiro"},"content":{"rendered":"\n<p><em>Nomea\u00e7\u00e3o foi publicada hoje no Di\u00e1rio Oficial<\/em><\/p>\n\n\n\n<p>O governador em exerc\u00edcio do Estado do Rio de Janeiro, Ricardo Couto de Castro, nomeou o m\u00e9dico Ronaldo Dami\u00e3o para o cargo de secret\u00e1rio de Sa\u00fade do Estado do Rio de Janeiro. A decis\u00e3o foi publicada no Di\u00e1rio Oficial na manh\u00e3 desta ter\u00e7a-feira (28\/04).<\/p>\n\n\n\n<p>Com vasta experi\u00eancia t\u00e9cnica e acad\u00eamica no \u00e2mbito da sa\u00fade, o novo secret\u00e1rio \u00e9 membro titular e vice-presidente da Academia Nacional de Medicina (ANM) desde 2002. J\u00e1 foi presidente da Sociedade Brasileira de Urologia. \u00c9 membro da Sociedade Internacional de Urologia, da Associa\u00e7\u00e3o Europeia, da Confedera\u00e7\u00e3o Americana, e da Sociedade Americana de Urologia.<\/p>\n\n\n\n<p>Atua nas \u00e1reas de cirurgia urol\u00f3gica oncol\u00f3gica e pesquisa urogenital cl\u00ednica e cir\u00fargica. Tem 17 livros e centenas de artigos cient\u00edficos publicados . Atualmente, \u00e9 pr\u00f3-reitor de Sa\u00fade e professor titular da Universidade do Estado do Rio de Janeiro.<\/p>\n\n\n\n<p>Dami\u00e3o teve ainda importante atua\u00e7\u00e3o como diretor-geral do Hospital Universit\u00e1rio Pedro Ernesto (Hupe) durante a pandemia de Covid-19, entre 2020 e 2023, tendo sido respons\u00e1vel pela implanta\u00e7\u00e3o do primeiro Ambulat\u00f3rio P\u00f3s-Covid em hospital p\u00fablico do pa\u00eds e pelo Hupe Digital, primeiro servi\u00e7o p\u00fablico de Teleconsulta do estado do Rio de Janeiro.<\/p>\n\n\n\n<p>\u00c9 condecorado com o t\u00edtulo de Doutor Honoris Causa pela Universidade Federal do Maranh\u00e3o (2023) e com a Medalha Almirante Tamandar\u00e9, da Marinha do Brasil (1998), entre outras honrarias.<\/p>\n\n\n\n<p>A escolha tem como objetivo principal ampliar a efici\u00eancia e o acesso \u00e0 sa\u00fade \u00e0 popula\u00e7\u00e3o fluminense.<\/p>\n\n\n\n<p><em>Foto: Maur\u00edcio Baz\u00edlio<\/em><\/p>\n\n\n\n<figure class=\"wp-block-video\"><video height=\"1280\" style=\"aspect-ratio: 720 \/ 1280;\" width=\"720\" controls src=\"https:\/\/sgvaimudar.com.br\/wp-content\/uploads\/2026\/01\/NoticiaUrgete.logoSGVM.mp4\"><\/video><\/figure>\n","protected":false},"excerpt":{"rendered":"<p>Nomea\u00e7\u00e3o foi publicada hoje no Di\u00e1rio Oficial O governador em exerc\u00edcio do Estado do Rio de Janeiro, Ricardo Couto de&hellip;<\/p>\n","protected":false},"author":5,"featured_media":40779,"comment_status":"closed","ping_status":"open","sticky":false,"template":"","format":"standard","meta":{"fifu_image_url":"https:\/\/sgvaimudar.com.br\/wp-content\/uploads\/2026\/04\/WhatsApp-Image-2026-04-28-at-19.05.22.jpeg","fifu_image_alt":"","footnotes":""},"categories":[7],"tags":[2216,2217,490,2218,2215,47,51],"class_list":["post-40776","post","type-post","status-publish","format-standard","has-post-thumbnail","hentry","category-saude","tag-couto","tag-diario","tag-estado","tag-oficial","tag-ricardo","tag-rj","tag-saude"],"_links":{"self":[{"href":"https:\/\/sgvaimudar.com.br\/index.php\/wp-json\/wp\/v2\/posts\/40776","targetHints":{"allow":["GET"]}}],"collection":[{"href":"https:\/\/sgvaimudar.com.br\/index.php\/wp-json\/wp\/v2\/posts"}],"about":[{"href":"https:\/\/sgvaimudar.com.br\/index.php\/wp-json\/wp\/v2\/types\/post"}],"author":[{"embeddable":true,"href":"https:\/\/sgvaimudar.com.br\/index.php\/wp-json\/wp\/v2\/users\/5"}],"replies":[{"embeddable":true,"href":"https:\/\/sgvaimudar.com.br\/index.php\/wp-json\/wp\/v2\/comments?post=40776"}],"version-history":[{"count":1,"href":"https:\/\/sgvaimudar.com.br\/index.php\/wp-json\/wp\/v2\/posts\/40776\/revisions"}],"predecessor-version":[{"id":40778,"href":"https:\/\/sgvaimudar.com.br\/index.php\/wp-json\/wp\/v2\/posts\/40776\/revisions\/40778"}],"wp:featuredmedia":[{"embeddable":true,"href":"https:\/\/sgvaimudar.com.br\/index.php\/wp-json\/wp\/v2\/media\/40779"}],"wp:attachment":[{"href":"https:\/\/sgvaimudar.com.br\/index.php\/wp-json\/wp\/v2\/media?parent=40776"}],"wp:term":[{"taxonomy":"category","embeddable":true,"href":"https:\/\/sgvaimudar.com.br\/index.php\/wp-json\/wp\/v2\/categories?post=40776"},{"taxonomy":"post_tag","embeddable":true,"href":"https:\/\/sgvaimudar.com.br\/index.php\/wp-json\/wp\/v2\/tags?post=40776"}],"curies":[{"name":"wp","href":"https:\/\/api.w.org\/{rel}","templated":true}]}}