{"id":40750,"date":"2026-04-29T08:52:29","date_gmt":"2026-04-29T11:52:29","guid":{"rendered":"https:\/\/sgvaimudar.com.br\/?p=40750"},"modified":"2026-04-29T08:52:29","modified_gmt":"2026-04-29T11:52:29","slug":"secretaria-de-sao-goncalo-debate-politicas-publicas-saudaveis-para-populacao-negra","status":"publish","type":"post","link":"https:\/\/sgvaimudar.com.br\/index.php\/2026\/04\/29\/secretaria-de-sao-goncalo-debate-politicas-publicas-saudaveis-para-populacao-negra\/","title":{"rendered":"Secretaria de S\u00e3o Gon\u00e7alo debate pol\u00edticas p\u00fablicas saud\u00e1veis para popula\u00e7\u00e3o negra"},"content":{"rendered":"\n<p><em>Munic\u00edpio promove semin\u00e1rio para profissionais da rede municipal e convidados<\/em><\/p>\n\n\n\n<p>A Secretaria de Sa\u00fade da Prefeitura de S\u00e3o Gon\u00e7alo realizou o semin\u00e1rio \u201cOlhares e Vozes da Popula\u00e7\u00e3o Negra: Construindo Pol\u00edticas P\u00fablicas Humanizadas para a Popula\u00e7\u00e3o em Situa\u00e7\u00e3o de Vulnerabilidade Social\u201d no Teatro Municipal de S\u00e3o Gon\u00e7alo, no Centro, nesta ter\u00e7a-feira (28). Com organiza\u00e7\u00e3o do Programa Municipal de Aten\u00e7\u00e3o Integral \u00e0 Sa\u00fade da Popula\u00e7\u00e3o Negra em parceria com o Consult\u00f3rio na Rua (CnaR), o evento reuniu profissionais da sa\u00fade da rede municipal e convidados.\u00a0<\/p>\n\n\n\n<p>&nbsp;&nbsp;&nbsp;&nbsp;A iniciativa teve como objetivo promover um espa\u00e7o de reflex\u00e3o, di\u00e1logo e constru\u00e7\u00e3o coletiva de estrat\u00e9gias voltadas ao fortalecimento das pol\u00edticas p\u00fablicas de sa\u00fade no Sistema \u00danico de Sa\u00fade (SUS), com \u00eanfase na equidade racial, na promo\u00e7\u00e3o de sa\u00fade e na aten\u00e7\u00e3o integral \u00e0s pessoas em situa\u00e7\u00e3o de vulnerabilidade social.<\/p>\n\n\n\n<p>&nbsp;&nbsp;&nbsp;&nbsp;&nbsp;\u201cA gente est\u00e1 dando voz para a popula\u00e7\u00e3o negra. E \u00e9 se fazendo aos poucos que a gente chega no muito. A gente n\u00e3o combate preconceito com frases bonitas, se combate com atitude, com posicionamento. No governo do Capit\u00e3o Nelson em S\u00e3o Gon\u00e7alo, n\u00e3o tem mais espa\u00e7o para qualquer tipo de preconceito. Esse semin\u00e1rio \u00e9 o exemplo disso e vir\u00e3o outros\u201d, disse o secret\u00e1rio municipal de Sa\u00fade, Gabriel Mello.&nbsp;&nbsp;<\/p>\n\n\n\n<p>&nbsp;&nbsp;&nbsp;&nbsp;&nbsp;O semin\u00e1rio tamb\u00e9m evidenciou os avan\u00e7os, desafios e perspectivas das a\u00e7\u00f5es desenvolvidas no munic\u00edpio alinhadas \u00e0 Pol\u00edtica Nacional de Sa\u00fade Integral da Popula\u00e7\u00e3o Negra, contribuindo para a qualifica\u00e7\u00e3o das pr\u00e1ticas e para o fortalecimento da rede de aten\u00e7\u00e3o \u00e0 sa\u00fade.&nbsp;<\/p>\n\n\n\n<p>&nbsp;&nbsp;&nbsp;&nbsp;&nbsp;\u201cHoje, estamos aqui para buscar o melhor para o munic\u00edpio. Dentro do programa, n\u00f3s fazemos as capacita\u00e7\u00f5es e trabalhamos muito na quest\u00e3o do respeito \u00e0s diferen\u00e7as, da quest\u00e3o da igualdade. Vamos refletir sobre tudo que ser\u00e1 apresentado e que a gente consiga colocar em pr\u00e1tica efetivamente nas unidades de sa\u00fade\u201d, concluiu a coordenadora do Programa Municipal de Aten\u00e7\u00e3o Integral \u00e0 Sa\u00fade da Popula\u00e7\u00e3o Negra, Belmira F\u00e9lix.<\/p>\n\n\n\n<p>&nbsp;&nbsp;&nbsp;&nbsp;&nbsp;Para Lidiane Salles, coordenadora do CnaR, a pauta \u00e9 de extrema import\u00e2ncia e fortalece a atua\u00e7\u00e3o dos profissionais dos servi\u00e7os de sa\u00fade na constru\u00e7\u00e3o de um SUS mais justo, mais humano e mais acess\u00edvel para todos.&nbsp;<\/p>\n\n\n\n<p>&nbsp;&nbsp;&nbsp;&nbsp;&nbsp;\u201cA minha inten\u00e7\u00e3o \u00e9 que o dia seja muito produtivo e que a gente saia daqui com garantias de pol\u00edticas p\u00fablicas efetivas e direitos constru\u00eddos. Que sejam discutidas as ideias apresentadas durante esse dia intenso de trabalho e que saiam propostas para que a gente possa trabalhar na ponta (unidades de sa\u00fade), fortalecendo a garantia de direitos para essa popula\u00e7\u00e3o vulner\u00e1vel\u201d, finalizou Lidiane.&nbsp;<\/p>\n\n\n\n<p><em>Foto: Renan Otto<\/em><\/p>\n\n\n\n<p><strong><em>Passe sua informa\u00e7\u00e3o pelo nosso WhatsApp: (21) <\/em><\/strong><strong><em>99744 5345<\/em><\/strong><strong><em><\/em><\/strong><\/p>\n\n\n\n<p><strong><em>S\u00e3o Gon\u00e7alo Vai Mudar: Not\u00edcias de S\u00e3o Gon\u00e7alo e toda regi\u00e3o.<\/em><\/strong><\/p>\n\n\n\n<figure class=\"wp-block-video\"><video height=\"1280\" style=\"aspect-ratio: 720 \/ 1280;\" width=\"720\" controls src=\"https:\/\/sgvaimudar.com.br\/wp-content\/uploads\/2026\/01\/logo2026.mp4\"><\/video><\/figure>\n","protected":false},"excerpt":{"rendered":"<p>Munic\u00edpio promove semin\u00e1rio para profissionais da rede municipal e convidados A Secretaria de Sa\u00fade da Prefeitura de S\u00e3o Gon\u00e7alo realizou&hellip;<\/p>\n","protected":false},"author":5,"featured_media":40753,"comment_status":"closed","ping_status":"open","sticky":false,"template":"","format":"standard","meta":{"fifu_image_url":"https:\/\/sgvaimudar.com.br\/wp-content\/uploads\/2026\/04\/unnamed-7-10.jpg","fifu_image_alt":"","footnotes":""},"categories":[7],"tags":[2147,141,862,47,75,51,320],"class_list":["post-40750","post","type-post","status-publish","format-standard","has-post-thumbnail","hentry","category-saude","tag-debate","tag-negra","tag-populacao","tag-rj","tag-sao-goncalo","tag-saude","tag-secretaria"],"_links":{"self":[{"href":"https:\/\/sgvaimudar.com.br\/index.php\/wp-json\/wp\/v2\/posts\/40750","targetHints":{"allow":["GET"]}}],"collection":[{"href":"https:\/\/sgvaimudar.com.br\/index.php\/wp-json\/wp\/v2\/posts"}],"about":[{"href":"https:\/\/sgvaimudar.com.br\/index.php\/wp-json\/wp\/v2\/types\/post"}],"author":[{"embeddable":true,"href":"https:\/\/sgvaimudar.com.br\/index.php\/wp-json\/wp\/v2\/users\/5"}],"replies":[{"embeddable":true,"href":"https:\/\/sgvaimudar.com.br\/index.php\/wp-json\/wp\/v2\/comments?post=40750"}],"version-history":[{"count":1,"href":"https:\/\/sgvaimudar.com.br\/index.php\/wp-json\/wp\/v2\/posts\/40750\/revisions"}],"predecessor-version":[{"id":40752,"href":"https:\/\/sgvaimudar.com.br\/index.php\/wp-json\/wp\/v2\/posts\/40750\/revisions\/40752"}],"wp:featuredmedia":[{"embeddable":true,"href":"https:\/\/sgvaimudar.com.br\/index.php\/wp-json\/wp\/v2\/media\/40753"}],"wp:attachment":[{"href":"https:\/\/sgvaimudar.com.br\/index.php\/wp-json\/wp\/v2\/media?parent=40750"}],"wp:term":[{"taxonomy":"category","embeddable":true,"href":"https:\/\/sgvaimudar.com.br\/index.php\/wp-json\/wp\/v2\/categories?post=40750"},{"taxonomy":"post_tag","embeddable":true,"href":"https:\/\/sgvaimudar.com.br\/index.php\/wp-json\/wp\/v2\/tags?post=40750"}],"curies":[{"name":"wp","href":"https:\/\/api.w.org\/{rel}","templated":true}]}}