{"id":40741,"date":"2026-04-29T11:00:00","date_gmt":"2026-04-29T14:00:00","guid":{"rendered":"https:\/\/sgvaimudar.com.br\/?p=40741"},"modified":"2026-04-29T08:32:05","modified_gmt":"2026-04-29T11:32:05","slug":"prefeitura-acompanha-entrega-de-30-novos-onibus-municipais-com-ar-condicionado","status":"publish","type":"post","link":"https:\/\/sgvaimudar.com.br\/index.php\/2026\/04\/29\/prefeitura-acompanha-entrega-de-30-novos-onibus-municipais-com-ar-condicionado\/","title":{"rendered":"Prefeitura acompanha entrega de 30 novos \u00f4nibus municipais com ar-condicionado"},"content":{"rendered":"\n<p><em>A\u00e7\u00e3o foi feita na garagem da via\u00e7\u00e3o Mau\u00e1, no Boa\u00e7u<\/em><\/p>\n\n\n\n<p>Representantes da Secretaria de Meio Ambiente e Transportes da Prefeitura de S\u00e3o Gon\u00e7alo acompanharam, nesta manh\u00e3 de ter\u00e7a-feira (28), a entrega de 30 novos \u00f4nibus municipais com ar-condicionado na garagem da via\u00e7\u00e3o Mau\u00e1, no Boa\u00e7u. Os novos ve\u00edculos fazem parte do Cons\u00f3rcio S\u00e3o Gon\u00e7alo.<\/p>\n\n\n\n<p>\u00c9 o Cons\u00f3rcio S\u00e3o Gon\u00e7alo que, atrav\u00e9s da uni\u00e3o das empresas, opera o transporte p\u00fablico municipal. Os \u00f4nibus s\u00e3o fiscalizados constantemente pela Prefeitura de S\u00e3o Gon\u00e7alo e s\u00f3 podem circular com a aprova\u00e7\u00e3o da Secretaria de Meio Ambiente e Transportes e com o selo de vistoria anual em dia.<\/p>\n\n\n\n<figure class=\"wp-block-image size-large\"><img fetchpriority=\"high\" decoding=\"async\" width=\"1024\" height=\"680\" src=\"https:\/\/sgvaimudar.com.br\/wp-content\/uploads\/2026\/04\/unnamed-6-10-1024x680.jpg\" alt=\"\" class=\"wp-image-40743\" srcset=\"https:\/\/sgvaimudar.com.br\/wp-content\/uploads\/2026\/04\/unnamed-6-10-1024x680.jpg 1024w, https:\/\/sgvaimudar.com.br\/wp-content\/uploads\/2026\/04\/unnamed-6-10-300x199.jpg 300w, https:\/\/sgvaimudar.com.br\/wp-content\/uploads\/2026\/04\/unnamed-6-10-768x510.jpg 768w, https:\/\/sgvaimudar.com.br\/wp-content\/uploads\/2026\/04\/unnamed-6-10-1536x1020.jpg 1536w, https:\/\/sgvaimudar.com.br\/wp-content\/uploads\/2026\/04\/unnamed-6-10.jpg 1600w\" sizes=\"(max-width: 1024px) 100vw, 1024px\" \/><\/figure>\n\n\n\n<p>Fazem parte do Cons\u00f3rcio S\u00e3o Gon\u00e7alo as via\u00e7\u00f5es Mau\u00e1, Icara\u00ed, Rio Ouro, Galo Branco e Estrela, a Auto \u00d4nibus Alc\u00e2ntara, o Expresso Tangu\u00e1, a Auto \u00d4nibus Asa Branca e o Transportes e Turismo Rosana.<\/p>\n\n\n\n<p>O secret\u00e1rio de Meio Ambiente e Transportes, Fabio Lemos, esteve na garagem e acompanhou a entrega dos novos ve\u00edculos.<\/p>\n\n\n\n<p>\u201cEntramos nos \u00f4nibus, verificamos itens como os novos bancos, ar-condicionado, adesivos informativos, o funcionamento das plataformas elevat\u00f3rias para o transporte de cadeirantes, ilumina\u00e7\u00e3o e outros itens. Esses novos \u00f4nibus estar\u00e3o nas ruas em at\u00e9 30 dias, j\u00e1 que eles ainda ir\u00e3o para o Detran, onde passar\u00e3o por processos incluindo o emplacamento. Posteriormente, as equipes da nossa secretaria voltam para realizar a vistoria completa e emitir o selo para o exerc\u00edcio do ano de 2026. A partir da\u00ed, os ve\u00edculos poder\u00e3o estar nas ruas. Vale destacar que \u00f4nibus de outras empresas do cons\u00f3rcio tamb\u00e9m j\u00e1 foram recebidos por n\u00f3s e passaram pelo mesmo processo\u201d, afirmou.<\/p>\n\n\n\n<p>A secretaria vai iniciar, em maio, a vistoria anual de 2026 dos \u00f4nibus municipais de toda a cidade, incluindo \u00f4nibus mais antigos, checando itens como informa\u00e7\u00f5es gr\u00e1ficas obrigat\u00f3rias, bancos, portas, plataforma elevat\u00f3ria para o transporte de cadeirantes, ilumina\u00e7\u00e3o, sinaliza\u00e7\u00e3o, al\u00e9m de itens de seguran\u00e7a, como pneus, limpador de p\u00e1ra-brisa, espelho retrovisor, buzinas, cinto de seguran\u00e7a do motorista, sistema de freio, entre outros.<\/p>\n\n\n\n<p><strong>100% dos \u00f4nibus municipais ter\u00e3o climatiza\u00e7\u00e3o<\/strong>&nbsp;\u2013 Com essa a\u00e7\u00e3o de hoje, a Secretaria de Meio Ambiente e Transportes est\u00e1 fiscalizando o cumprimento de um acordo com as empresas de \u00f4nibus, o qual garante que, at\u00e9 31 de dezembro deste ano, 75% da frota ter\u00e3o ar-condicionado. O acordo ainda garante que as empresas se comprometeram em climatizar 100% dos ve\u00edculos at\u00e9 31 de dezembro de 2027, garantindo conforto para toda a popula\u00e7\u00e3o. Hoje, mais de 65% das frotas dos \u00f4nibus municipais j\u00e1 est\u00e3o climatizadas.<\/p>\n\n\n\n<p><em>Fotos: Jonnathan Smith<\/em><\/p>\n\n\n\n<p><strong><em>Passe sua informa\u00e7\u00e3o pelo nosso WhatsApp: (21) <\/em><\/strong><strong><em>99744 5345<\/em><\/strong><strong><em><\/em><\/strong><\/p>\n\n\n\n<p><strong><em>S\u00e3o Gon\u00e7alo Vai Mudar: Not\u00edcias de S\u00e3o Gon\u00e7alo e toda regi\u00e3o.<\/em><\/strong><\/p>\n\n\n\n<figure class=\"wp-block-video\"><video height=\"1280\" style=\"aspect-ratio: 720 \/ 1280;\" width=\"720\" controls src=\"https:\/\/sgvaimudar.com.br\/wp-content\/uploads\/2026\/01\/NoticiaUrgete.logoSGVM.mp4\"><\/video><\/figure>\n","protected":false},"excerpt":{"rendered":"<p>A\u00e7\u00e3o foi feita na garagem da via\u00e7\u00e3o Mau\u00e1, no Boa\u00e7u Representantes da Secretaria de Meio Ambiente e Transportes da Prefeitura&hellip;<\/p>\n","protected":false},"author":5,"featured_media":40745,"comment_status":"closed","ping_status":"open","sticky":false,"template":"","format":"standard","meta":{"fifu_image_url":"https:\/\/sgvaimudar.com.br\/wp-content\/uploads\/2026\/04\/unnamed-5-12-scaled.jpg","fifu_image_alt":"","footnotes":""},"categories":[3],"tags":[2211,2212,2210,568,656,111,47,75,1417],"class_list":["post-40741","post","type-post","status-publish","format-standard","has-post-thumbnail","hentry","category-sao-goncalo","tag-ar","tag-condicionado","tag-entrega","tag-novos","tag-onibus","tag-prefeitura","tag-rj","tag-sao-goncalo","tag-transporte"],"_links":{"self":[{"href":"https:\/\/sgvaimudar.com.br\/index.php\/wp-json\/wp\/v2\/posts\/40741","targetHints":{"allow":["GET"]}}],"collection":[{"href":"https:\/\/sgvaimudar.com.br\/index.php\/wp-json\/wp\/v2\/posts"}],"about":[{"href":"https:\/\/sgvaimudar.com.br\/index.php\/wp-json\/wp\/v2\/types\/post"}],"author":[{"embeddable":true,"href":"https:\/\/sgvaimudar.com.br\/index.php\/wp-json\/wp\/v2\/users\/5"}],"replies":[{"embeddable":true,"href":"https:\/\/sgvaimudar.com.br\/index.php\/wp-json\/wp\/v2\/comments?post=40741"}],"version-history":[{"count":1,"href":"https:\/\/sgvaimudar.com.br\/index.php\/wp-json\/wp\/v2\/posts\/40741\/revisions"}],"predecessor-version":[{"id":40744,"href":"https:\/\/sgvaimudar.com.br\/index.php\/wp-json\/wp\/v2\/posts\/40741\/revisions\/40744"}],"wp:featuredmedia":[{"embeddable":true,"href":"https:\/\/sgvaimudar.com.br\/index.php\/wp-json\/wp\/v2\/media\/40745"}],"wp:attachment":[{"href":"https:\/\/sgvaimudar.com.br\/index.php\/wp-json\/wp\/v2\/media?parent=40741"}],"wp:term":[{"taxonomy":"category","embeddable":true,"href":"https:\/\/sgvaimudar.com.br\/index.php\/wp-json\/wp\/v2\/categories?post=40741"},{"taxonomy":"post_tag","embeddable":true,"href":"https:\/\/sgvaimudar.com.br\/index.php\/wp-json\/wp\/v2\/tags?post=40741"}],"curies":[{"name":"wp","href":"https:\/\/api.w.org\/{rel}","templated":true}]}}