{"id":40697,"date":"2026-04-28T13:00:00","date_gmt":"2026-04-28T16:00:00","guid":{"rendered":"https:\/\/sgvaimudar.com.br\/?p=40697"},"modified":"2026-04-28T09:13:44","modified_gmt":"2026-04-28T12:13:44","slug":"humorista-de-niteroi-que-viralizou-falando-ao-contrario-estreia-show-em-teatro-do-rio","status":"publish","type":"post","link":"https:\/\/sgvaimudar.com.br\/index.php\/2026\/04\/28\/humorista-de-niteroi-que-viralizou-falando-ao-contrario-estreia-show-em-teatro-do-rio\/","title":{"rendered":"Humorista de Niter\u00f3i que viralizou falando ao contr\u00e1rio estreia show em teatro do Rio"},"content":{"rendered":"\n<p><em>Marcela Galv\u00e3o se apresenta todas as ter\u00e7as de maio no Leblon e promete muita resenha com humor e linguagem irreverente<\/em><\/p>\n\n\n\n<p>Com um humor inteligente, criativo e fora do comum, a comediante Marcela Galv\u00e3o estreia, todas as ter\u00e7as de maio (5, 12, 19 e 26), a partir das 20h, seu primeiro solo em teatro carioca, o espet\u00e1culo R.I.R. \u2013 Racioc\u00ednio In\u00fatil Reverso, em temporada todas as ter\u00e7as-feiras de maio no Teatro Municipal Caf\u00e9 Pequeno, no Leblon, Zona Sul do Rio. Os ingressos custam R$ 30 (meia) e est\u00e3o dispon\u00edveis no site:\u00a0<a href=\"https:\/\/bileto.sympla.com.br\/event\/119565\/d\/380080\/s\/2528195\" target=\"_blank\" rel=\"noreferrer noopener\">R.I.R. &#8211; Racioc\u00ednio In\u00fatil Reverso em Rio de Janeiro &#8211; Sympla<\/a>. A classifica\u00e7\u00e3o \u00e9 12 anos.<\/p>\n\n\n\n<figure class=\"wp-block-image size-large is-resized\"><img fetchpriority=\"high\" decoding=\"async\" width=\"688\" height=\"1024\" src=\"https:\/\/sgvaimudar.com.br\/wp-content\/uploads\/2026\/04\/1.jpg-688x1024.jpeg\" alt=\"\" class=\"wp-image-40698\" style=\"width:711px;height:auto\" srcset=\"https:\/\/sgvaimudar.com.br\/wp-content\/uploads\/2026\/04\/1.jpg-688x1024.jpeg 688w, https:\/\/sgvaimudar.com.br\/wp-content\/uploads\/2026\/04\/1.jpg-202x300.jpeg 202w, https:\/\/sgvaimudar.com.br\/wp-content\/uploads\/2026\/04\/1.jpg-768x1143.jpeg 768w, https:\/\/sgvaimudar.com.br\/wp-content\/uploads\/2026\/04\/1.jpg-1032x1536.jpeg 1032w, https:\/\/sgvaimudar.com.br\/wp-content\/uploads\/2026\/04\/1.jpg-1376x2048.jpeg 1376w, https:\/\/sgvaimudar.com.br\/wp-content\/uploads\/2026\/04\/1.jpg-scaled.jpeg 1720w\" sizes=\"(max-width: 688px) 100vw, 688px\" \/><\/figure>\n\n\n\n<p>Natural de Niter\u00f3i, a artista se destaca na cena do stand-up comedy com uma habilidade inusitada: falar fluentemente de tr\u00e1s pra frente. Desde 2021, quando iniciou sua trajet\u00f3ria na com\u00e9dia, a artista divide sua agenda entre Rio e S\u00e3o Paulo, acumulando participa\u00e7\u00f5es em palcos importantes e abrindo shows de nomes consagrados como Igor Guimar\u00e3es, Raphael Ghanem, Tiago Santineli e Carol Zoccoli.<\/p>\n\n\n\n<p>\u201cRir coletivamente \u00e9 cat\u00e1rtico. Com esse espet\u00e1culo eu espero provocar o riso em muita gente, sobretudo nesse momento torto que o mundo t\u00e1 passando e nessa correria doida, onde boa parte das pessoas termina um dia sem dar risada. Estar em cartaz em um palco carioca fazendo com\u00e9dia \u00e9 um desejo antigo. Uma plateia cheia de gente que se identifica com o que t\u00e1 ouvindo ali \u00e9 especial demais. Quem for me assistir nas ter\u00e7as de maio vai fazer a ter\u00e7a valer a pena\u201d, avalia Galv\u00e3o.<\/p>\n\n\n\n<p>Ela tamb\u00e9m esteve presente em projetos relevantes, como o \u201cJuntas\u201d, de Bruna Louise, participa\u00e7\u00e3o no programa \u201cCaldeir\u00e3o com Mion\u201d e o \u201cUTC\u201d, do Castro Brothers. Seu pensamento \u00e1gil e criativo rendeu ainda o convite para integrar o casting da Cancel Records, primeira gravadora brasileira dedicada \u00e0 produ\u00e7\u00e3o e distribui\u00e7\u00e3o de \u00e1lbuns de humoristas em plataformas de streaming.<\/p>\n\n\n\n<p>Formada em Letras pela UFRJ e em Artes C\u00eanicas pela CAL, a comediante utiliza sua familiaridade com a linguagem e sua experi\u00eancia teatral para construir um espet\u00e1culo din\u00e2mico, que brinca com a L\u00edngua Portuguesa e com situa\u00e7\u00f5es cotidianas de forma irreverente e inteligente. No solo, a comediante apresenta textos autorais que exploram jogos de palavras, racioc\u00ednios inesperados e observa\u00e7\u00f5es bem-humoradas sobre o dia a dia.<\/p>\n\n\n\n<p>Pela primeira vez ocupando o palco de um teatro carioca com seu show solo, Marcela Galv\u00e3o apresenta uma hora de com\u00e9dia din\u00e2mica e surpreendente, em uma temporada intimista que vai fazer a plateia se divertir com as situa\u00e7\u00f5es mais inusitadas vividas pela artista.<\/p>\n\n\n\n<p><strong>V\u00eddeo com mais de 1 milh\u00e3o de visualiza\u00e7\u00f5es<\/strong><\/p>\n\n\n\n<p>Atriz e roteirista, Marcela ganhou as redes sociais gra\u00e7as a um v\u00eddeo gravado em fevereiro do ano passado, em plena Avenida Paulista, mostrando sua habilidade e flu\u00eancia em falar as palavras de tr\u00e1s pra frente. Ao fazer a participa\u00e7\u00e3o na rua, a niteroiense n\u00e3o s\u00f3 contou seu feito como mostrou o que sabia fazer. O registro rapidamente quebrou a internet e foi visto mais de 1 milh\u00e3o de vezes.<\/p>\n\n\n\n<p><strong>Servi\u00e7o:<\/strong><\/p>\n\n\n\n<p><strong>Espet\u00e1culo:&nbsp;<\/strong>R.I.R. \u2013 Racioc\u00ednio In\u00fatil Reverso \u2013 Marcela Galv\u00e3o<\/p>\n\n\n\n<p><strong>Quando:<\/strong>&nbsp;Todas as ter\u00e7as de maio (5, 12, 19 e 26).<br><strong>Local:<\/strong>&nbsp;Teatro Municipal Caf\u00e9 Pequeno<br><strong>Endere\u00e7o:<\/strong>&nbsp;Av. Ataulfo de Paiva, 269 \u2013 Leblon &nbsp;<br><strong>Dura\u00e7\u00e3o<\/strong>: 60 minutos<br><strong>Capacidade:<\/strong>&nbsp;90 lugares<br><strong>Ingressos:<\/strong>&nbsp;R$ 60 (inteira) \/ R$ 30 (meia)&nbsp;&nbsp;&nbsp;&nbsp;&nbsp;&nbsp;&nbsp;&nbsp;&nbsp;&nbsp;&nbsp;&nbsp;&nbsp;&nbsp;&nbsp;&nbsp;&nbsp;&nbsp;&nbsp;&nbsp;&nbsp;&nbsp;&nbsp;&nbsp;&nbsp;&nbsp;&nbsp;&nbsp;&nbsp;&nbsp;&nbsp;&nbsp;&nbsp;&nbsp;&nbsp;&nbsp;&nbsp;&nbsp;&nbsp;&nbsp;&nbsp;&nbsp;&nbsp;&nbsp;&nbsp;&nbsp;&nbsp;&nbsp;&nbsp;&nbsp;&nbsp;&nbsp;&nbsp;&nbsp;&nbsp;&nbsp;&nbsp;&nbsp;&nbsp;&nbsp;&nbsp;&nbsp;&nbsp;<\/p>\n\n\n\n<p><strong>Classifica\u00e7\u00e3o indicativa:<\/strong>&nbsp;12 anos<br><strong>Vendas:&nbsp;<\/strong><a href=\"https:\/\/site.bileto.sympla.com.br\/teatromunicipalcafepequeno\/\" target=\"_blank\" rel=\"noreferrer noopener\">https:\/\/site.bileto.sympla.com.br\/teatromunicipalcafepequeno\/<\/a>.<\/p>\n\n\n\n<p><strong><em>Passe sua informa\u00e7\u00e3o pelo nosso WhatsApp: (21) <\/em><\/strong><strong><em>99744 5345<\/em><\/strong><strong><em><\/em><\/strong><\/p>\n\n\n\n<p><strong><em>S\u00e3o Gon\u00e7alo Vai Mudar: Not\u00edcias de S\u00e3o Gon\u00e7alo e toda regi\u00e3o.<\/em><\/strong><\/p>\n\n\n\n<figure class=\"wp-block-video\"><video height=\"850\" style=\"aspect-ratio: 476 \/ 850;\" width=\"476\" controls src=\"https:\/\/sgvaimudar.com.br\/wp-content\/uploads\/2026\/02\/anuncioWillSmith.mp4\"><\/video><\/figure>\n\n\n\n<p><\/p>\n","protected":false},"excerpt":{"rendered":"<p>Marcela Galv\u00e3o se apresenta todas as ter\u00e7as de maio no Leblon e promete muita resenha com humor e linguagem irreverente&hellip;<\/p>\n","protected":false},"author":5,"featured_media":40701,"comment_status":"closed","ping_status":"open","sticky":false,"template":"","format":"standard","meta":{"fifu_image_url":"https:\/\/sgvaimudar.com.br\/wp-content\/uploads\/2026\/04\/4.jpg-scaled.jpeg","fifu_image_alt":"","footnotes":""},"categories":[6],"tags":[2203,2201,2202,105,116,47,761,332],"class_list":["post-40697","post","type-post","status-publish","format-standard","has-post-thumbnail","hentry","category-entretenimento","tag-galvao","tag-humor","tag-marcela","tag-niteroi","tag-rio","tag-rj","tag-show","tag-teatro"],"_links":{"self":[{"href":"https:\/\/sgvaimudar.com.br\/index.php\/wp-json\/wp\/v2\/posts\/40697","targetHints":{"allow":["GET"]}}],"collection":[{"href":"https:\/\/sgvaimudar.com.br\/index.php\/wp-json\/wp\/v2\/posts"}],"about":[{"href":"https:\/\/sgvaimudar.com.br\/index.php\/wp-json\/wp\/v2\/types\/post"}],"author":[{"embeddable":true,"href":"https:\/\/sgvaimudar.com.br\/index.php\/wp-json\/wp\/v2\/users\/5"}],"replies":[{"embeddable":true,"href":"https:\/\/sgvaimudar.com.br\/index.php\/wp-json\/wp\/v2\/comments?post=40697"}],"version-history":[{"count":2,"href":"https:\/\/sgvaimudar.com.br\/index.php\/wp-json\/wp\/v2\/posts\/40697\/revisions"}],"predecessor-version":[{"id":40703,"href":"https:\/\/sgvaimudar.com.br\/index.php\/wp-json\/wp\/v2\/posts\/40697\/revisions\/40703"}],"wp:featuredmedia":[{"embeddable":true,"href":"https:\/\/sgvaimudar.com.br\/index.php\/wp-json\/wp\/v2\/media\/40701"}],"wp:attachment":[{"href":"https:\/\/sgvaimudar.com.br\/index.php\/wp-json\/wp\/v2\/media?parent=40697"}],"wp:term":[{"taxonomy":"category","embeddable":true,"href":"https:\/\/sgvaimudar.com.br\/index.php\/wp-json\/wp\/v2\/categories?post=40697"},{"taxonomy":"post_tag","embeddable":true,"href":"https:\/\/sgvaimudar.com.br\/index.php\/wp-json\/wp\/v2\/tags?post=40697"}],"curies":[{"name":"wp","href":"https:\/\/api.w.org\/{rel}","templated":true}]}}