{"id":40692,"date":"2026-04-28T08:56:23","date_gmt":"2026-04-28T11:56:23","guid":{"rendered":"https:\/\/sgvaimudar.com.br\/?p=40692"},"modified":"2026-04-28T08:56:23","modified_gmt":"2026-04-28T11:56:23","slug":"transportes-inaugura-novo-ponto-de-atendimento-do-vale-social-no-partage-shopping","status":"publish","type":"post","link":"https:\/\/sgvaimudar.com.br\/index.php\/2026\/04\/28\/transportes-inaugura-novo-ponto-de-atendimento-do-vale-social-no-partage-shopping\/","title":{"rendered":"Transportes inaugura novo ponto de atendimento do Vale Social no Partage Shopping"},"content":{"rendered":"\n<p><em>Benefici\u00e1rios podem requisitar aux\u00edlio de segunda a sexta-feira, das 9h \u00e0s 17h<\/em><\/p>\n\n\n\n<p>O Departamento de Vale Social, ligado \u00e0 Secretaria de Meio Ambiente e Transportes da Prefeitura de S\u00e3o Gon\u00e7alo, j\u00e1 est\u00e1 funcionando na loja 248, no 2\u00ba piso do Partage Shopping, no Centro. O novo endere\u00e7o passou a realizar atendimentos nesta segunda-feira (27), de segunda a sexta-feira, das 9h \u00e0s 17h.<\/p>\n\n\n\n<p>Agora, no Partage Shopping, o atendimento est\u00e1 mais acess\u00edvel para pessoas com defici\u00eancia (PcDs), j\u00e1 que o shopping possui elevador, rampas e escadas rolantes e h\u00e1 v\u00e1rias v\u00e1rias linhas de \u00f4nibus passando em frente ao centro comercial.<\/p>\n\n\n\n<figure class=\"wp-block-image size-large\"><img fetchpriority=\"high\" decoding=\"async\" width=\"1024\" height=\"684\" src=\"https:\/\/sgvaimudar.com.br\/wp-content\/uploads\/2026\/04\/unnamed-12-5-1024x684.jpg\" alt=\"\" class=\"wp-image-40694\" srcset=\"https:\/\/sgvaimudar.com.br\/wp-content\/uploads\/2026\/04\/unnamed-12-5-1024x684.jpg 1024w, https:\/\/sgvaimudar.com.br\/wp-content\/uploads\/2026\/04\/unnamed-12-5-300x200.jpg 300w, https:\/\/sgvaimudar.com.br\/wp-content\/uploads\/2026\/04\/unnamed-12-5-768x513.jpg 768w, https:\/\/sgvaimudar.com.br\/wp-content\/uploads\/2026\/04\/unnamed-12-5-1536x1027.jpg 1536w, https:\/\/sgvaimudar.com.br\/wp-content\/uploads\/2026\/04\/unnamed-12-5.jpg 1616w\" sizes=\"(max-width: 1024px) 100vw, 1024px\" \/><\/figure>\n\n\n\n<p>\u00c9 atrav\u00e9s desse departamento que interessados, pais e respons\u00e1veis podem solicitar o Vale Social, benef\u00edcio que garante a gratuidade em transportes de concess\u00e3o estadual e \u00e9 liberado pela Secretaria de Estado de Transporte e Mobilidade Urbana para pessoas com defici\u00eancia (f\u00edsica, visual, auditiva ou mental) ou em tratamento cont\u00ednuo de doen\u00e7as cr\u00f4nicas (HIV, c\u00e2ncer, diabetes insulino-dependentes e etc) em unidades de sa\u00fade p\u00fablica ou conveniadas ao SUS, quando a interrup\u00e7\u00e3o do tratamento represente risco \u00e0 vida ou agravamento da sa\u00fade, desde que o deslocamento justifique o uso de transporte p\u00fablico estadual.<\/p>\n\n\n\n<p>O benef\u00edcio \u00e9 concedido mediante avalia\u00e7\u00e3o e comprova\u00e7\u00e3o m\u00e9dica, conforme Lei Estadual n\u00ba 4.510\/2005 e Decreto Estadual n\u00ba 36.992\/05, alterado pelo Decreto Estadual n\u00ba 45.820, de 11 de novembro de 2016.<\/p>\n\n\n\n<p>Luiz Carlos Ventura Leit\u00e3o, de 62 anos, mora na Fazenda dos Mineiros e esteve neste primeiro dia do novo endere\u00e7o do Vale Social. Ela elogiou a mudan\u00e7a.<\/p>\n\n\n\n<p>&#8220;Para n\u00f3s, esse novo endere\u00e7o \u00e9 muito bom! Peguei um \u00f4nibus s\u00f3 direto para c\u00e1 e fui prontamente atendido. Gastei menos, porque antes precisava de mais de um \u00f4nibus. Dei entrada na solicita\u00e7\u00e3o do Vale Social da minha esposa, Danielle da Concei\u00e7\u00e3o, e foi rapidinho&#8221;, afirmou o morador.<\/p>\n\n\n\n<p><strong>Sobre o Vale Social:<\/strong><\/p>\n\n\n\n<p>Para ter o Vale Social, \u00e9 necess\u00e1rio preencher o formul\u00e1rio com CID obtido no pr\u00f3prio departamento localizado no Partage Shopping; uma foto 3X4; o RG\/CPF\/Certid\u00e3o do benefici\u00e1rio e do respons\u00e1vel (caso necess\u00e1rio); al\u00e9m da carteira de consulta. Para solicitar o Vale Social na unidade, \u00e9 necess\u00e1rio residir em S\u00e3o Gon\u00e7alo.<\/p>\n\n\n\n<p>Pessoas com doen\u00e7as cr\u00f4nicas podem utilizar o Vale Social em \u00f4nibus municipal se realizam o tratamento no munic\u00edpio, ou intermunicipal, caso necess\u00e1rio. J\u00e1 pessoas com defici\u00eancia (PcDs), podem utilizar o Vale Social em \u00f4nibus, barcas, metr\u00f4 e trem.<\/p>\n\n\n\n<p><strong>Servi\u00e7o:<\/strong><\/p>\n\n\n\n<p>O Partage Shopping fica localizado na Avenida Presidente Kennedy, n\u00famero 425, no Centro.<\/p>\n\n\n\n<p><strong><em>Passe sua informa\u00e7\u00e3o pelo nosso WhatsApp: (21) <\/em><\/strong><strong><em>99744 5345<\/em><\/strong><strong><em><\/em><\/strong><\/p>\n\n\n\n<p><strong><em>S\u00e3o Gon\u00e7alo Vai Mudar: Not\u00edcias de S\u00e3o Gon\u00e7alo e toda regi\u00e3o.<\/em><\/strong><\/p>\n\n\n\n<figure class=\"wp-block-video\"><video height=\"850\" style=\"aspect-ratio: 476 \/ 850;\" width=\"476\" controls src=\"https:\/\/sgvaimudar.com.br\/wp-content\/uploads\/2026\/02\/anuncioWillSmith.mp4\"><\/video><\/figure>\n","protected":false},"excerpt":{"rendered":"<p>Benefici\u00e1rios podem requisitar aux\u00edlio de segunda a sexta-feira, das 9h \u00e0s 17h O Departamento de Vale Social, ligado \u00e0 Secretaria&hellip;<\/p>\n","protected":false},"author":5,"featured_media":40696,"comment_status":"closed","ping_status":"open","sticky":false,"template":"","format":"standard","meta":{"fifu_image_url":"https:\/\/sgvaimudar.com.br\/wp-content\/uploads\/2026\/04\/unnamed-13-3.jpg","fifu_image_alt":"","footnotes":""},"categories":[3],"tags":[319,499,431,632,47,75,432,110,2166],"class_list":["post-40692","post","type-post","status-publish","format-standard","has-post-thumbnail","hentry","category-sao-goncalo","tag-atendimento","tag-novo","tag-partage","tag-ponto","tag-rj","tag-sao-goncalo","tag-shopping","tag-social","tag-vale"],"_links":{"self":[{"href":"https:\/\/sgvaimudar.com.br\/index.php\/wp-json\/wp\/v2\/posts\/40692","targetHints":{"allow":["GET"]}}],"collection":[{"href":"https:\/\/sgvaimudar.com.br\/index.php\/wp-json\/wp\/v2\/posts"}],"about":[{"href":"https:\/\/sgvaimudar.com.br\/index.php\/wp-json\/wp\/v2\/types\/post"}],"author":[{"embeddable":true,"href":"https:\/\/sgvaimudar.com.br\/index.php\/wp-json\/wp\/v2\/users\/5"}],"replies":[{"embeddable":true,"href":"https:\/\/sgvaimudar.com.br\/index.php\/wp-json\/wp\/v2\/comments?post=40692"}],"version-history":[{"count":1,"href":"https:\/\/sgvaimudar.com.br\/index.php\/wp-json\/wp\/v2\/posts\/40692\/revisions"}],"predecessor-version":[{"id":40695,"href":"https:\/\/sgvaimudar.com.br\/index.php\/wp-json\/wp\/v2\/posts\/40692\/revisions\/40695"}],"wp:featuredmedia":[{"embeddable":true,"href":"https:\/\/sgvaimudar.com.br\/index.php\/wp-json\/wp\/v2\/media\/40696"}],"wp:attachment":[{"href":"https:\/\/sgvaimudar.com.br\/index.php\/wp-json\/wp\/v2\/media?parent=40692"}],"wp:term":[{"taxonomy":"category","embeddable":true,"href":"https:\/\/sgvaimudar.com.br\/index.php\/wp-json\/wp\/v2\/categories?post=40692"},{"taxonomy":"post_tag","embeddable":true,"href":"https:\/\/sgvaimudar.com.br\/index.php\/wp-json\/wp\/v2\/tags?post=40692"}],"curies":[{"name":"wp","href":"https:\/\/api.w.org\/{rel}","templated":true}]}}