{"id":40680,"date":"2026-04-28T11:00:00","date_gmt":"2026-04-28T14:00:00","guid":{"rendered":"https:\/\/sgvaimudar.com.br\/?p=40680"},"modified":"2026-04-28T08:25:41","modified_gmt":"2026-04-28T11:25:41","slug":"lidera-mulher-inicia-inscricoes-para-a-18a-edicao-do-programa","status":"publish","type":"post","link":"https:\/\/sgvaimudar.com.br\/index.php\/2026\/04\/28\/lidera-mulher-inicia-inscricoes-para-a-18a-edicao-do-programa\/","title":{"rendered":"Lidera Mulher inicia inscri\u00e7\u00f5es para a 18\u00aa edi\u00e7\u00e3o do programa"},"content":{"rendered":"\n<p><em>Programa oferece capacita\u00e7\u00e3o gratuita voltada ao empreendedorismo feminino&nbsp;<\/em><\/p>\n\n\n\n<p>O&nbsp;Lidera Mulher est\u00e1 com inscri\u00e7\u00f5es abertas para a sua 18\u00aa turma. O programa oferece uma capacita\u00e7\u00e3o gratuita voltada ao empreendedorismo feminino e j\u00e1 formou mais de 1400 mulheres. A iniciativa \u00e9 da Secretaria de Assist\u00eancia Social da Prefeitura de S\u00e3o Gon\u00e7alo, atrav\u00e9s da Subsecretaria de Pol\u00edticas P\u00fablicas para as Mulheres, em parceria com o Sebrae.&nbsp;<\/p>\n\n\n\n<p>Durante o projeto, as participantes conferem aulas que abordam diversos temas como estrat\u00e9gias de divulga\u00e7\u00e3o digital, precifica\u00e7\u00e3o de produtos, entre outros. Al\u00e9m dos conte\u00fados t\u00e9cnicos, as mulheres recebem orienta\u00e7\u00f5es da equipe especializada da subsecretaria, incluindo informa\u00e7\u00f5es sobre enfrentamento \u00e0 viol\u00eancia dom\u00e9stica e sobre as pol\u00edticas p\u00fablicas voltadas \u00e0s mulheres no munic\u00edpio.&nbsp;<\/p>\n\n\n\n<figure class=\"wp-block-image size-large\"><img fetchpriority=\"high\" decoding=\"async\" width=\"819\" height=\"1024\" src=\"https:\/\/sgvaimudar.com.br\/wp-content\/uploads\/2026\/04\/unnamed-11-6-819x1024.jpg\" alt=\"\" class=\"wp-image-40683\" srcset=\"https:\/\/sgvaimudar.com.br\/wp-content\/uploads\/2026\/04\/unnamed-11-6-819x1024.jpg 819w, https:\/\/sgvaimudar.com.br\/wp-content\/uploads\/2026\/04\/unnamed-11-6-240x300.jpg 240w, https:\/\/sgvaimudar.com.br\/wp-content\/uploads\/2026\/04\/unnamed-11-6-768x960.jpg 768w, https:\/\/sgvaimudar.com.br\/wp-content\/uploads\/2026\/04\/unnamed-11-6.jpg 1080w\" sizes=\"(max-width: 819px) 100vw, 819px\" \/><\/figure>\n\n\n\n<p>As inscri\u00e7\u00f5es podem ser realizadas at\u00e9 o dia 26 de maio, pelo e-mail&nbsp;<a href=\"mailto:inscricaolideramulher@gmail.com\" rel=\"noreferrer noopener\" target=\"_blank\"><u>inscricaolideramulher@gmail.com<\/u><\/a>&nbsp;ou presencialmente no Espa\u00e7o Lidera Mulher, no Partage Shopping, e na Feira da Mulher Empreendedora, na Pra\u00e7a Dr. Luiz Palmier.&nbsp;<\/p>\n\n\n\n<p>A primeira aula da nova turma ser\u00e1 no dia 28 de maio. As aulas do Lidera Mulher acontecem sempre \u00e0s quintas-feiras, no Espa\u00e7o Mais Conhecimento, localizado no segundo piso do Partage Shopping, no Centro.<\/p>\n\n\n\n<p><strong><em>Passe sua informa\u00e7\u00e3o pelo nosso WhatsApp: (21) <\/em><\/strong><strong><em>99744 5345<\/em><\/strong><strong><em><\/em><\/strong><\/p>\n\n\n\n<p><strong><em>S\u00e3o Gon\u00e7alo Vai Mudar: Not\u00edcias de S\u00e3o Gon\u00e7alo e toda regi\u00e3o.<\/em><\/strong><\/p>\n\n\n\n<figure class=\"wp-block-image size-large is-resized\"><img decoding=\"async\" width=\"577\" height=\"1024\" src=\"https:\/\/sgvaimudar.com.br\/wp-content\/uploads\/2026\/01\/vceoreporter.SGVM_-577x1024.jpg\" alt=\"\" class=\"wp-image-36417\" style=\"width:692px;height:auto\" srcset=\"https:\/\/sgvaimudar.com.br\/wp-content\/uploads\/2026\/01\/vceoreporter.SGVM_-577x1024.jpg 577w, https:\/\/sgvaimudar.com.br\/wp-content\/uploads\/2026\/01\/vceoreporter.SGVM_-169x300.jpg 169w, https:\/\/sgvaimudar.com.br\/wp-content\/uploads\/2026\/01\/vceoreporter.SGVM_.jpg 640w\" sizes=\"(max-width: 577px) 100vw, 577px\" \/><\/figure>\n","protected":false},"excerpt":{"rendered":"<p>Programa oferece capacita\u00e7\u00e3o gratuita voltada ao empreendedorismo feminino&nbsp; O&nbsp;Lidera Mulher est\u00e1 com inscri\u00e7\u00f5es abertas para a sua 18\u00aa turma. O&hellip;<\/p>\n","protected":false},"author":5,"featured_media":40682,"comment_status":"closed","ping_status":"open","sticky":false,"template":"","format":"standard","meta":{"fifu_image_url":"https:\/\/sgvaimudar.com.br\/wp-content\/uploads\/2026\/01\/Lidera-Mulher-Primeira-Turma-do-Ano-Espaco-Mais-Conhecimento-16-01-2025-Fotos-Julio-Diniz-11.jpg","fifu_image_alt":"","footnotes":""},"categories":[3],"tags":[591,592,670,47,75],"class_list":["post-40680","post","type-post","status-publish","format-standard","has-post-thumbnail","hentry","category-sao-goncalo","tag-lidera","tag-mulher","tag-programa","tag-rj","tag-sao-goncalo"],"_links":{"self":[{"href":"https:\/\/sgvaimudar.com.br\/index.php\/wp-json\/wp\/v2\/posts\/40680","targetHints":{"allow":["GET"]}}],"collection":[{"href":"https:\/\/sgvaimudar.com.br\/index.php\/wp-json\/wp\/v2\/posts"}],"about":[{"href":"https:\/\/sgvaimudar.com.br\/index.php\/wp-json\/wp\/v2\/types\/post"}],"author":[{"embeddable":true,"href":"https:\/\/sgvaimudar.com.br\/index.php\/wp-json\/wp\/v2\/users\/5"}],"replies":[{"embeddable":true,"href":"https:\/\/sgvaimudar.com.br\/index.php\/wp-json\/wp\/v2\/comments?post=40680"}],"version-history":[{"count":2,"href":"https:\/\/sgvaimudar.com.br\/index.php\/wp-json\/wp\/v2\/posts\/40680\/revisions"}],"predecessor-version":[{"id":40684,"href":"https:\/\/sgvaimudar.com.br\/index.php\/wp-json\/wp\/v2\/posts\/40680\/revisions\/40684"}],"wp:featuredmedia":[{"embeddable":true,"href":"https:\/\/sgvaimudar.com.br\/index.php\/wp-json\/wp\/v2\/media\/40682"}],"wp:attachment":[{"href":"https:\/\/sgvaimudar.com.br\/index.php\/wp-json\/wp\/v2\/media?parent=40680"}],"wp:term":[{"taxonomy":"category","embeddable":true,"href":"https:\/\/sgvaimudar.com.br\/index.php\/wp-json\/wp\/v2\/categories?post=40680"},{"taxonomy":"post_tag","embeddable":true,"href":"https:\/\/sgvaimudar.com.br\/index.php\/wp-json\/wp\/v2\/tags?post=40680"}],"curies":[{"name":"wp","href":"https:\/\/api.w.org\/{rel}","templated":true}]}}