{"id":40671,"date":"2026-04-28T08:06:17","date_gmt":"2026-04-28T11:06:17","guid":{"rendered":"https:\/\/sgvaimudar.com.br\/?p=40671"},"modified":"2026-04-28T08:06:18","modified_gmt":"2026-04-28T11:06:18","slug":"parque-rj-nosso-sonho-em-sao-goncalo-tem-danca-com-baile-charme-familia-black","status":"publish","type":"post","link":"https:\/\/sgvaimudar.com.br\/index.php\/2026\/04\/28\/parque-rj-nosso-sonho-em-sao-goncalo-tem-danca-com-baile-charme-familia-black\/","title":{"rendered":"Parque RJ Nosso Sonho, em S\u00e3o Gon\u00e7alo, tem dan\u00e7a com Baile Charme Fam\u00edlia Black"},"content":{"rendered":"\n<p><em>Evento gratuito envolveu gon\u00e7alenses de todas as idades<\/em><\/p>\n\n\n\n<p>O Parque RJ Nosso Sonho, no Boa Vista, na noite do \u00faltimo domingo (26), foi tomado pela energia do Baile Charme Fam\u00edlia Black. Gon\u00e7alenses de todas as idades ocuparam a \u00e1rea de shows do espa\u00e7o de lazer e recrea\u00e7\u00e3o de S\u00e3o Gon\u00e7alo para acompanhar o estilo musical.<\/p>\n\n\n\n<p>Organizado pela Secretaria de Turismo e Cultura, o evento foi totalmente gratuito, propondo a ocupa\u00e7\u00e3o de espa\u00e7os p\u00fablicos com atividades culturais acess\u00edveis, fortalecendo a conex\u00e3o com diferentes gera\u00e7\u00f5es por meio da m\u00fasica e da dan\u00e7a.<\/p>\n\n\n\n<figure class=\"wp-block-image size-large\"><img fetchpriority=\"high\" decoding=\"async\" width=\"1024\" height=\"684\" src=\"https:\/\/sgvaimudar.com.br\/wp-content\/uploads\/2026\/04\/unnamed-8-7-1024x684.jpg\" alt=\"\" class=\"wp-image-40673\" srcset=\"https:\/\/sgvaimudar.com.br\/wp-content\/uploads\/2026\/04\/unnamed-8-7-1024x684.jpg 1024w, https:\/\/sgvaimudar.com.br\/wp-content\/uploads\/2026\/04\/unnamed-8-7-300x200.jpg 300w, https:\/\/sgvaimudar.com.br\/wp-content\/uploads\/2026\/04\/unnamed-8-7-768x513.jpg 768w, https:\/\/sgvaimudar.com.br\/wp-content\/uploads\/2026\/04\/unnamed-8-7-1536x1027.jpg 1536w, https:\/\/sgvaimudar.com.br\/wp-content\/uploads\/2026\/04\/unnamed-8-7.jpg 1616w\" sizes=\"(max-width: 1024px) 100vw, 1024px\" \/><\/figure>\n\n\n\n<p>\u201cPara n\u00f3s \u00e9 um verdadeiro marco a realiza\u00e7\u00e3o do evento no Parque RJ Nosso Sonho, consolidando o projeto como uma refer\u00eancia de lazer para a fam\u00edlia gon\u00e7alense e de toda regi\u00e3o Leste Fluminense\u201d, declarou o fundador e produtor do projeto, Jocimar Pinto.<\/p>\n\n\n\n<p>Com a proposta de celebrar a cultura urbana com o estilo charme, a iniciativa teve como principal objetivo ampliar o acesso \u00e0 cultura, incentivando a dan\u00e7a como ferramenta de sa\u00fade, lazer e integra\u00e7\u00e3o social.<\/p>\n\n\n\n<p>\u201cEu acho incr\u00edvel esses tipos de eventos que est\u00e3o acontecendo em S\u00e3o Gon\u00e7alo. A cada semana, a gente recebe informa\u00e7\u00f5es de festividades para p\u00fablicos diferentes. \u00c9 muito legal quando a Prefeitura come\u00e7a a atender toda a popula\u00e7\u00e3o\u201d, afirmou Cirlene Costa.<\/p>\n\n\n\n<p><em>Foto: Renan Otto<\/em><\/p>\n\n\n\n<p><strong><em>Passe sua informa\u00e7\u00e3o pelo nosso WhatsApp: (21) <\/em><\/strong><strong><em>99744 5345<\/em><\/strong><strong><em><\/em><\/strong><\/p>\n\n\n\n<p><strong><em>S\u00e3o Gon\u00e7alo Vai Mudar: Not\u00edcias de S\u00e3o Gon\u00e7alo e toda regi\u00e3o.<\/em><\/strong><\/p>\n\n\n\n<figure class=\"wp-block-image size-large is-resized\"><img decoding=\"async\" width=\"577\" height=\"1024\" src=\"https:\/\/sgvaimudar.com.br\/wp-content\/uploads\/2026\/01\/vceoreporter.SGVM_-577x1024.jpg\" alt=\"\" class=\"wp-image-36417\" style=\"width:685px;height:auto\" srcset=\"https:\/\/sgvaimudar.com.br\/wp-content\/uploads\/2026\/01\/vceoreporter.SGVM_-577x1024.jpg 577w, https:\/\/sgvaimudar.com.br\/wp-content\/uploads\/2026\/01\/vceoreporter.SGVM_-169x300.jpg 169w, https:\/\/sgvaimudar.com.br\/wp-content\/uploads\/2026\/01\/vceoreporter.SGVM_.jpg 640w\" sizes=\"(max-width: 577px) 100vw, 577px\" \/><\/figure>\n","protected":false},"excerpt":{"rendered":"<p>Evento gratuito envolveu gon\u00e7alenses de todas as idades O Parque RJ Nosso Sonho, no Boa Vista, na noite do \u00faltimo&hellip;<\/p>\n","protected":false},"author":5,"featured_media":40675,"comment_status":"closed","ping_status":"open","sticky":false,"template":"","format":"standard","meta":{"fifu_image_url":"https:\/\/sgvaimudar.com.br\/wp-content\/uploads\/2026\/04\/unnamed-7-9.jpg","fifu_image_alt":"","footnotes":""},"categories":[6],"tags":[1528,2167,102,1487,1072,47,75,1488],"class_list":["post-40671","post","type-post","status-publish","format-standard","has-post-thumbnail","hentry","category-entretenimento","tag-baile","tag-charme","tag-danca","tag-nosso","tag-parque","tag-rj","tag-sao-goncalo","tag-sonho"],"_links":{"self":[{"href":"https:\/\/sgvaimudar.com.br\/index.php\/wp-json\/wp\/v2\/posts\/40671","targetHints":{"allow":["GET"]}}],"collection":[{"href":"https:\/\/sgvaimudar.com.br\/index.php\/wp-json\/wp\/v2\/posts"}],"about":[{"href":"https:\/\/sgvaimudar.com.br\/index.php\/wp-json\/wp\/v2\/types\/post"}],"author":[{"embeddable":true,"href":"https:\/\/sgvaimudar.com.br\/index.php\/wp-json\/wp\/v2\/users\/5"}],"replies":[{"embeddable":true,"href":"https:\/\/sgvaimudar.com.br\/index.php\/wp-json\/wp\/v2\/comments?post=40671"}],"version-history":[{"count":1,"href":"https:\/\/sgvaimudar.com.br\/index.php\/wp-json\/wp\/v2\/posts\/40671\/revisions"}],"predecessor-version":[{"id":40674,"href":"https:\/\/sgvaimudar.com.br\/index.php\/wp-json\/wp\/v2\/posts\/40671\/revisions\/40674"}],"wp:featuredmedia":[{"embeddable":true,"href":"https:\/\/sgvaimudar.com.br\/index.php\/wp-json\/wp\/v2\/media\/40675"}],"wp:attachment":[{"href":"https:\/\/sgvaimudar.com.br\/index.php\/wp-json\/wp\/v2\/media?parent=40671"}],"wp:term":[{"taxonomy":"category","embeddable":true,"href":"https:\/\/sgvaimudar.com.br\/index.php\/wp-json\/wp\/v2\/categories?post=40671"},{"taxonomy":"post_tag","embeddable":true,"href":"https:\/\/sgvaimudar.com.br\/index.php\/wp-json\/wp\/v2\/tags?post=40671"}],"curies":[{"name":"wp","href":"https:\/\/api.w.org\/{rel}","templated":true}]}}