{"id":40665,"date":"2026-04-28T07:56:16","date_gmt":"2026-04-28T10:56:16","guid":{"rendered":"https:\/\/sgvaimudar.com.br\/?p=40665"},"modified":"2026-04-28T08:31:30","modified_gmt":"2026-04-28T11:31:30","slug":"carreta-de-frutas-tomba-na-br-101-e-provoca-congestionamento-em-niteroi","status":"publish","type":"post","link":"https:\/\/sgvaimudar.com.br\/index.php\/2026\/04\/28\/carreta-de-frutas-tomba-na-br-101-e-provoca-congestionamento-em-niteroi\/","title":{"rendered":"Carreta de frutas tomba na BR-101 e provoca congestionamento em Niter\u00f3i"},"content":{"rendered":"\n<p><em>Acidente aconteceu durante a madrugada desta ter\u00e7a-feira (28) na Avenida do Contorno<\/em><\/p>\n\n\n\n<p>Uma carreta transportando 14 toneladas de frutas tombou, na madrugada desta ter\u00e7a-feira (28), e causa um grande congestionamento na BR-101, na altura de Niter\u00f3i. O acidente aconteceu na Avenida do Contorno, pr\u00f3ximo ao acesso \u00e0 Ponte Rio-Niter\u00f3i.<\/p>\n\n\n\n<figure class=\"wp-block-video\"><video height=\"474\" style=\"aspect-ratio: 848 \/ 474;\" width=\"848\" controls src=\"https:\/\/sgvaimudar.com.br\/wp-content\/uploads\/2026\/04\/WhatsApp-Video-2026-04-28-at-07.58.42.mp4\"><\/video><\/figure>\n\n\n\n<p>O motorista saiu do Espirito Santo em dire\u00e7\u00e3o ao Ceasa em Iraj\u00e1 e seguia na pista sentido Niter\u00f3i quando perdeu o controle do ve\u00edculo, que tombou pr\u00f3ximo \u00e0 mureta da pista. Apesar do susto o motorista n\u00e3o ficou ferido.<\/p>\n\n\n\n<p>Duas faixas da rodovia est\u00e3o interditadas para trabalho de retirada da carreta. O tr\u00e2nsito \u00e9 intenso, com um congestionamento de cerca 5 km chegando a S\u00e3o Gon\u00e7alo.<\/p>\n\n\n\n<p><strong><em>Passe sua informa\u00e7\u00e3o pelo nosso WhatsApp: (21) <\/em><\/strong><strong><em>99744 5345<\/em><\/strong><strong><em><\/em><\/strong><\/p>\n\n\n\n<p><strong><em>S\u00e3o Gon\u00e7alo Vai Mudar: Not\u00edcias de S\u00e3o Gon\u00e7alo e toda regi\u00e3o.<\/em><\/strong><\/p>\n\n\n\n<figure class=\"wp-block-image size-large is-resized\"><img fetchpriority=\"high\" decoding=\"async\" width=\"577\" height=\"1024\" src=\"https:\/\/sgvaimudar.com.br\/wp-content\/uploads\/2026\/01\/vceoreporter.SGVM_-577x1024.jpg\" alt=\"\" class=\"wp-image-36417\" style=\"width:682px;height:auto\" srcset=\"https:\/\/sgvaimudar.com.br\/wp-content\/uploads\/2026\/01\/vceoreporter.SGVM_-577x1024.jpg 577w, https:\/\/sgvaimudar.com.br\/wp-content\/uploads\/2026\/01\/vceoreporter.SGVM_-169x300.jpg 169w, https:\/\/sgvaimudar.com.br\/wp-content\/uploads\/2026\/01\/vceoreporter.SGVM_.jpg 640w\" sizes=\"(max-width: 577px) 100vw, 577px\" \/><\/figure>\n","protected":false},"excerpt":{"rendered":"<p>Acidente aconteceu durante a madrugada desta ter\u00e7a-feira (28) na Avenida do Contorno Uma carreta transportando 14 toneladas de frutas tombou,&hellip;<\/p>\n","protected":false},"author":5,"featured_media":40668,"comment_status":"closed","ping_status":"open","sticky":false,"template":"","format":"standard","meta":{"fifu_image_url":"https:\/\/sgvaimudar.com.br\/wp-content\/uploads\/2026\/04\/WhatsApp-Image-2026-04-28-at-07.53.23.jpeg","fifu_image_alt":"","footnotes":""},"categories":[32],"tags":[521,2196,2197,105,47,75,2198],"class_list":["post-40665","post","type-post","status-publish","format-standard","has-post-thumbnail","hentry","category-casos-de-policia","tag-br-101-2","tag-carreta","tag-frutas","tag-niteroi","tag-rj","tag-sao-goncalo","tag-tombada"],"_links":{"self":[{"href":"https:\/\/sgvaimudar.com.br\/index.php\/wp-json\/wp\/v2\/posts\/40665","targetHints":{"allow":["GET"]}}],"collection":[{"href":"https:\/\/sgvaimudar.com.br\/index.php\/wp-json\/wp\/v2\/posts"}],"about":[{"href":"https:\/\/sgvaimudar.com.br\/index.php\/wp-json\/wp\/v2\/types\/post"}],"author":[{"embeddable":true,"href":"https:\/\/sgvaimudar.com.br\/index.php\/wp-json\/wp\/v2\/users\/5"}],"replies":[{"embeddable":true,"href":"https:\/\/sgvaimudar.com.br\/index.php\/wp-json\/wp\/v2\/comments?post=40665"}],"version-history":[{"count":3,"href":"https:\/\/sgvaimudar.com.br\/index.php\/wp-json\/wp\/v2\/posts\/40665\/revisions"}],"predecessor-version":[{"id":40686,"href":"https:\/\/sgvaimudar.com.br\/index.php\/wp-json\/wp\/v2\/posts\/40665\/revisions\/40686"}],"wp:featuredmedia":[{"embeddable":true,"href":"https:\/\/sgvaimudar.com.br\/index.php\/wp-json\/wp\/v2\/media\/40668"}],"wp:attachment":[{"href":"https:\/\/sgvaimudar.com.br\/index.php\/wp-json\/wp\/v2\/media?parent=40665"}],"wp:term":[{"taxonomy":"category","embeddable":true,"href":"https:\/\/sgvaimudar.com.br\/index.php\/wp-json\/wp\/v2\/categories?post=40665"},{"taxonomy":"post_tag","embeddable":true,"href":"https:\/\/sgvaimudar.com.br\/index.php\/wp-json\/wp\/v2\/tags?post=40665"}],"curies":[{"name":"wp","href":"https:\/\/api.w.org\/{rel}","templated":true}]}}