{"id":40661,"date":"2026-04-28T07:43:44","date_gmt":"2026-04-28T10:43:44","guid":{"rendered":"https:\/\/sgvaimudar.com.br\/?p=40661"},"modified":"2026-04-28T07:43:45","modified_gmt":"2026-04-28T10:43:45","slug":"funasg-vacina-servidores-e-seus-dependentes-contra-gripe-e-covid-19","status":"publish","type":"post","link":"https:\/\/sgvaimudar.com.br\/index.php\/2026\/04\/28\/funasg-vacina-servidores-e-seus-dependentes-contra-gripe-e-covid-19\/","title":{"rendered":"Funasg vacina servidores e seus dependentes contra gripe e covid-19"},"content":{"rendered":"\n<p><em>A\u00e7\u00e3o preventiva aconteceu nesta segunda-feira na sede da funda\u00e7\u00e3o<\/em><\/p>\n\n\n\n<p>A Funda\u00e7\u00e3o de Assist\u00eancia \u00e0 Sa\u00fade dos Servidores de S\u00e3o Gon\u00e7alo (Funasg) realizou, nesta segunda-feira (27), uma a\u00e7\u00e3o de vacina\u00e7\u00e3o em sua sede, no Centro. Das 9h \u00e0s 13h, servidores ativos e inativos do munic\u00edpio j\u00e1 atendidos na unidade e seus dependentes foram vacinados contra a influenza (gripe) e a covid-19.<\/p>\n\n\n\n<p>&#8220;Recebemos uma resposta muito positiva da popula\u00e7\u00e3o com a a\u00e7\u00e3o de hoje. Foram dezenas de servidores que vieram at\u00e9 a unidade participar. Muitos j\u00e1 estavam com consultas agendadas e tamb\u00e9m aproveitaram para atualizar suas cadernetas de vacina\u00e7\u00e3o. Isso \u00e9 muito importante para evitar doen\u00e7as e ajudar a manter a sa\u00fade dos nossos servidores em dia. Pretendemos, quando poss\u00edvel, realizar mais a\u00e7\u00f5es como essa, incluindo as atividades da Funasg Mais nas secretarias&#8221;, afirmou o presidente da Funasg, Eug\u00eanio Abreu.<\/p>\n\n\n\n<p>Kleber Mariano Pereira, de 56 anos, \u00e9 dependente da esposa, que, por sua vez, \u00e9 servidora da educa\u00e7\u00e3o. Ele \u00e9 atendido pela Funasg e adorou a ideia da vacina\u00e7\u00e3o.<\/p>\n\n\n\n<p>&#8220;Eu sempre me cuido aqui, venho em diversas consultas, inclusive com cardiologista. Gostei muito dessa a\u00e7\u00e3o, \u00e9 uma \u00f3tima ideia, nota 10! Auxilia na rotina corrida, vir aqui e ser vacinado, \u00e9 r\u00e1pido e n\u00e3o d\u00f3i&#8221;, disse ele, que tomou os imunizantes contra Covid-19 e gripe.<\/p>\n\n\n\n<p>Vale destacar que, al\u00e9m da vacina\u00e7\u00e3o, a Funda\u00e7\u00e3o oferece diferentes servi\u00e7os ao funcionalismo p\u00fablico, com diversas especialidades m\u00e9dicas.<\/p>\n\n\n\n<p><strong>Servi\u00e7o:<\/strong><\/p>\n\n\n\n<p>A Funasg funciona na Rua Alu\u00edsio Neiva, 808, Centro de S\u00e3o Gon\u00e7alo.<\/p>\n\n\n\n<p><em>Fotos: Fabio Guimar\u00e3es<\/em><\/p>\n\n\n\n<p><strong><em>Passe sua informa\u00e7\u00e3o pelo nosso WhatsApp: (21) <\/em><\/strong><strong><em>99744 5345<\/em><\/strong><strong><em><\/em><\/strong><\/p>\n\n\n\n<p><strong><em>S\u00e3o Gon\u00e7alo Vai Mudar: Not\u00edcias de S\u00e3o Gon\u00e7alo e toda regi\u00e3o.<\/em><\/strong><\/p>\n\n\n\n<figure class=\"wp-block-image size-large is-resized\"><img fetchpriority=\"high\" decoding=\"async\" width=\"577\" height=\"1024\" src=\"https:\/\/sgvaimudar.com.br\/wp-content\/uploads\/2026\/01\/vceoreporter.SGVM_-577x1024.jpg\" alt=\"\" class=\"wp-image-36417\" style=\"width:700px;height:auto\" srcset=\"https:\/\/sgvaimudar.com.br\/wp-content\/uploads\/2026\/01\/vceoreporter.SGVM_-577x1024.jpg 577w, https:\/\/sgvaimudar.com.br\/wp-content\/uploads\/2026\/01\/vceoreporter.SGVM_-169x300.jpg 169w, https:\/\/sgvaimudar.com.br\/wp-content\/uploads\/2026\/01\/vceoreporter.SGVM_.jpg 640w\" sizes=\"(max-width: 577px) 100vw, 577px\" \/><\/figure>\n","protected":false},"excerpt":{"rendered":"<p>A\u00e7\u00e3o preventiva aconteceu nesta segunda-feira na sede da funda\u00e7\u00e3o A Funda\u00e7\u00e3o de Assist\u00eancia \u00e0 Sa\u00fade dos Servidores de S\u00e3o Gon\u00e7alo&hellip;<\/p>\n","protected":false},"author":5,"featured_media":40664,"comment_status":"closed","ping_status":"open","sticky":false,"template":"","format":"standard","meta":{"fifu_image_url":"https:\/\/sgvaimudar.com.br\/wp-content\/uploads\/2026\/04\/unnamed-6-9.jpg","fifu_image_alt":"","footnotes":""},"categories":[7],"tags":[2195,47,75,51,1049],"class_list":["post-40661","post","type-post","status-publish","format-standard","has-post-thumbnail","hentry","category-saude","tag-covid19","tag-rj","tag-sao-goncalo","tag-saude","tag-vacinacao"],"_links":{"self":[{"href":"https:\/\/sgvaimudar.com.br\/index.php\/wp-json\/wp\/v2\/posts\/40661","targetHints":{"allow":["GET"]}}],"collection":[{"href":"https:\/\/sgvaimudar.com.br\/index.php\/wp-json\/wp\/v2\/posts"}],"about":[{"href":"https:\/\/sgvaimudar.com.br\/index.php\/wp-json\/wp\/v2\/types\/post"}],"author":[{"embeddable":true,"href":"https:\/\/sgvaimudar.com.br\/index.php\/wp-json\/wp\/v2\/users\/5"}],"replies":[{"embeddable":true,"href":"https:\/\/sgvaimudar.com.br\/index.php\/wp-json\/wp\/v2\/comments?post=40661"}],"version-history":[{"count":1,"href":"https:\/\/sgvaimudar.com.br\/index.php\/wp-json\/wp\/v2\/posts\/40661\/revisions"}],"predecessor-version":[{"id":40663,"href":"https:\/\/sgvaimudar.com.br\/index.php\/wp-json\/wp\/v2\/posts\/40661\/revisions\/40663"}],"wp:featuredmedia":[{"embeddable":true,"href":"https:\/\/sgvaimudar.com.br\/index.php\/wp-json\/wp\/v2\/media\/40664"}],"wp:attachment":[{"href":"https:\/\/sgvaimudar.com.br\/index.php\/wp-json\/wp\/v2\/media?parent=40661"}],"wp:term":[{"taxonomy":"category","embeddable":true,"href":"https:\/\/sgvaimudar.com.br\/index.php\/wp-json\/wp\/v2\/categories?post=40661"},{"taxonomy":"post_tag","embeddable":true,"href":"https:\/\/sgvaimudar.com.br\/index.php\/wp-json\/wp\/v2\/tags?post=40661"}],"curies":[{"name":"wp","href":"https:\/\/api.w.org\/{rel}","templated":true}]}}