{"id":40657,"date":"2026-04-28T07:36:34","date_gmt":"2026-04-28T10:36:34","guid":{"rendered":"https:\/\/sgvaimudar.com.br\/?p=40657"},"modified":"2026-04-28T07:36:34","modified_gmt":"2026-04-28T10:36:34","slug":"aluno-passa-mal-em-escola-de-niteroi-e-nao-resiste","status":"publish","type":"post","link":"https:\/\/sgvaimudar.com.br\/index.php\/2026\/04\/28\/aluno-passa-mal-em-escola-de-niteroi-e-nao-resiste\/","title":{"rendered":"Aluno passa mal em escola de Niter\u00f3i e n\u00e3o resiste"},"content":{"rendered":"\n<p><em>De acordo com o secret\u00e1rio municipal de Educa\u00e7\u00e3o, a adolescente passou mal repentinamente<\/em><\/p>\n\n\n\n<p>Uma estudante de 14 anos morreu ap\u00f3s passar mal na Escola Municipal Francisco Portugal Neves, em Niter\u00f3i, na manh\u00e3 desta segunda-feira (27).\u00a0O secret\u00e1rio municipal de Educa\u00e7\u00e3o, Bira Marques, afirmou, por meio das redes sociais, que a estudante sofreu um mal s\u00fabito.<\/p>\n\n\n\n<p>&#8220;Recebi com enorme tristeza a not\u00edcia do falecimento de uma estudante da Escola Municipal Francisco Portugal Neves, ap\u00f3s sofrer um mal s\u00fabito. Lamento profundamente esta perda t\u00e3o dolorosa&#8221;, escreveu.<\/p>\n\n\n\n<p>Segundo a Secretaria Municipal de Educa\u00e7\u00e3o, o socorro m\u00e9dico foi acionado assim que a aluna apresentou mal-estar. A adolescente chegou a ser atendida, mas n\u00e3o resistiu e morreu. A escola fica localizada a 550 metros de dist\u00e2ncia de um hospital do bairro.\u00a0<\/p>\n\n\n\n<p>Em nota, a pasta tamb\u00e9m lamentou o ocorrido e prestou solidariedade \u00e0 fam\u00edlia e \u00e0 comunidade escolar. &#8220;A Secretaria de Educa\u00e7\u00e3o manifesta profundo pesar pelo ocorrido e se solidariza com familiares, amigos e toda a comunidade escolar neste momento de dor, permanecendo \u00e0 disposi\u00e7\u00e3o para prestar o apoio necess\u00e1rio&#8221;, informou.<\/p>\n\n\n\n<figure class=\"wp-block-image size-large is-resized\"><img fetchpriority=\"high\" decoding=\"async\" width=\"577\" height=\"1024\" src=\"https:\/\/sgvaimudar.com.br\/wp-content\/uploads\/2026\/01\/vceoreporter.SGVM_-577x1024.jpg\" alt=\"\" class=\"wp-image-36417\" style=\"width:682px;height:auto\" srcset=\"https:\/\/sgvaimudar.com.br\/wp-content\/uploads\/2026\/01\/vceoreporter.SGVM_-577x1024.jpg 577w, https:\/\/sgvaimudar.com.br\/wp-content\/uploads\/2026\/01\/vceoreporter.SGVM_-169x300.jpg 169w, https:\/\/sgvaimudar.com.br\/wp-content\/uploads\/2026\/01\/vceoreporter.SGVM_.jpg 640w\" sizes=\"(max-width: 577px) 100vw, 577px\" \/><\/figure>\n","protected":false},"excerpt":{"rendered":"<p>De acordo com o secret\u00e1rio municipal de Educa\u00e7\u00e3o, a adolescente passou mal repentinamente Uma estudante de 14 anos morreu ap\u00f3s&hellip;<\/p>\n","protected":false},"author":5,"featured_media":40660,"comment_status":"closed","ping_status":"open","sticky":false,"template":"","format":"standard","meta":{"fifu_image_url":"https:\/\/sgvaimudar.com.br\/wp-content\/uploads\/2026\/04\/escola-portugal-neves-niteroi.jpg","fifu_image_alt":"","footnotes":""},"categories":[32],"tags":[2193,250,1318,2194,1367,105,47],"class_list":["post-40657","post","type-post","status-publish","format-standard","has-post-thumbnail","hentry","category-casos-de-policia","tag-aluno","tag-educacao","tag-escola","tag-luto","tag-morreu","tag-niteroi","tag-rj"],"_links":{"self":[{"href":"https:\/\/sgvaimudar.com.br\/index.php\/wp-json\/wp\/v2\/posts\/40657","targetHints":{"allow":["GET"]}}],"collection":[{"href":"https:\/\/sgvaimudar.com.br\/index.php\/wp-json\/wp\/v2\/posts"}],"about":[{"href":"https:\/\/sgvaimudar.com.br\/index.php\/wp-json\/wp\/v2\/types\/post"}],"author":[{"embeddable":true,"href":"https:\/\/sgvaimudar.com.br\/index.php\/wp-json\/wp\/v2\/users\/5"}],"replies":[{"embeddable":true,"href":"https:\/\/sgvaimudar.com.br\/index.php\/wp-json\/wp\/v2\/comments?post=40657"}],"version-history":[{"count":1,"href":"https:\/\/sgvaimudar.com.br\/index.php\/wp-json\/wp\/v2\/posts\/40657\/revisions"}],"predecessor-version":[{"id":40659,"href":"https:\/\/sgvaimudar.com.br\/index.php\/wp-json\/wp\/v2\/posts\/40657\/revisions\/40659"}],"wp:featuredmedia":[{"embeddable":true,"href":"https:\/\/sgvaimudar.com.br\/index.php\/wp-json\/wp\/v2\/media\/40660"}],"wp:attachment":[{"href":"https:\/\/sgvaimudar.com.br\/index.php\/wp-json\/wp\/v2\/media?parent=40657"}],"wp:term":[{"taxonomy":"category","embeddable":true,"href":"https:\/\/sgvaimudar.com.br\/index.php\/wp-json\/wp\/v2\/categories?post=40657"},{"taxonomy":"post_tag","embeddable":true,"href":"https:\/\/sgvaimudar.com.br\/index.php\/wp-json\/wp\/v2\/tags?post=40657"}],"curies":[{"name":"wp","href":"https:\/\/api.w.org\/{rel}","templated":true}]}}