{"id":40645,"date":"2026-04-27T15:00:00","date_gmt":"2026-04-27T18:00:00","guid":{"rendered":"https:\/\/sgvaimudar.com.br\/?p=40645"},"modified":"2026-04-27T08:56:41","modified_gmt":"2026-04-27T11:56:41","slug":"prefeitura-de-sao-goncalo-segue-vacinacao-contra-gripe-em-68-pontos-de-atendimento","status":"publish","type":"post","link":"https:\/\/sgvaimudar.com.br\/index.php\/2026\/04\/27\/prefeitura-de-sao-goncalo-segue-vacinacao-contra-gripe-em-68-pontos-de-atendimento\/","title":{"rendered":"Prefeitura de S\u00e3o Gon\u00e7alo segue vacina\u00e7\u00e3o contra gripe em 68 pontos de atendimento"},"content":{"rendered":"\n<p><em>Munic\u00edpio mant\u00e9m crit\u00e9rio de grupos priorit\u00e1rios elencados pelo Minist\u00e9rio da Sa\u00fade<\/em>&nbsp;&nbsp;&nbsp;<\/p>\n\n\n\n<p>A vacina\u00e7\u00e3o contra a gripe est\u00e1 dispon\u00edvel em 68 unidades de sa\u00fade em S\u00e3o Gon\u00e7alo. Todos os grupos priorit\u00e1rios elencados pelo Minist\u00e9rio da Sa\u00fade podem se vacinar, al\u00e9m das crian\u00e7as de 6 meses a 5 anos, 11 meses e 29 dias; idosos com 60 anos ou mais e gestantes \u2013 que j\u00e1 fazem parte do Calend\u00e1rio de Rotina. A meta \u00e9 vacinar, pelo menos, 90% de cada um dos grupos priorit\u00e1rios e de rotina.<\/p>\n\n\n\n<p>A maioria das unidades de sa\u00fade funciona de segunda a sexta, das 8h \u00e0s 17h. As cl\u00ednicas municipais Gon\u00e7alense do Mutondo e da Fam\u00edlia Dr. Zerbini, no Arsenal, abrem durante a semana, das 8h \u00e0s 21h; e aos s\u00e1bados, das 8h \u00e0s 13h, exceto feriados e pontos facultativos.<\/p>\n\n\n\n<p>Os grupos priorit\u00e1rios elencados pelo Minist\u00e9rio da Sa\u00fade s\u00e3o: trabalhadores da sa\u00fade; pu\u00e9rperas; professores do ensino b\u00e1sico e superior; povos ind\u00edgenas; quilombolas; pessoas em situa\u00e7\u00e3o de rua; profissionais das for\u00e7as de seguran\u00e7a e salvamento. <\/p>\n\n\n\n<p>Profissionais das for\u00e7as armadas; pessoas com doen\u00e7as cr\u00f4nicas n\u00e3o transmiss\u00edveis e outras condi\u00e7\u00f5es cl\u00ednicas especiais independentemente da idade; pessoas com defici\u00eancia permanente; caminhoneiros; trabalhadores de transporte coletivo rodovi\u00e1rio para passageiros urbanos e de longo curso; trabalhadores portu\u00e1rios.<\/p>\n\n\n\n<p>Popula\u00e7\u00e3o privada de liberdade e funcion\u00e1rios do sistema de priva\u00e7\u00e3o de liberdade, adolescentes e jovens de 12 a 21 anos de idade sob medidas socioeducativas e trabalhadores dos Correios.<\/p>\n\n\n\n<p>As comorbidades aceitas para a vacina\u00e7\u00e3o contra a gripe (pessoas a partir de 6 meses de idade com doen\u00e7as cr\u00f4nicas n\u00e3o transmiss\u00edveis e outras condi\u00e7\u00f5es cl\u00ednicas especiais) s\u00e3o: doen\u00e7a respirat\u00f3ria cr\u00f4nica, doen\u00e7a card\u00edaca cr\u00f4nica, diabetes, doen\u00e7a renal cr\u00f4nica, doen\u00e7a hep\u00e1tica cr\u00f4nica, obesidade, doen\u00e7a neurol\u00f3gica cr\u00f4nica, transplantados, portadores de trissomias e imunossupress\u00e3o.\u00a0<\/p>\n\n\n\n<p>O imunizante dispon\u00edvel no Sistema \u00danico de Sa\u00fade (SUS) \u00e9 a trivalente, que protege contra a gripe su\u00edna (H1N1), contra a gripe sazonal (H3N2) \u2013 que s\u00e3o duas variantes do v\u00edrus Influenza tipo A \u2013 e contra uma cepa viral da Influenza tipo B. A vacina pode ser administrada com outros imunizantes e medica\u00e7\u00f5es.\u00a0<\/p>\n\n\n\n<p>As contraindica\u00e7\u00f5es s\u00e3o para crian\u00e7as menores de 6 meses de idade e pessoas com hist\u00f3rico de forma grave de alergia a doses anteriores. Os gon\u00e7alenses com febre ou com coronav\u00edrus tamb\u00e9m devem adiar a vacina\u00e7\u00e3o at\u00e9 a resolu\u00e7\u00e3o do caso.<\/p>\n\n\n\n<p>Para se vacinar, \u00e9 preciso apresentar a carteira de vacina\u00e7\u00e3o (adulto e crian\u00e7a), identidade ou certid\u00e3o de nascimento, cart\u00e3o do SUS ou CPF e comprova\u00e7\u00e3o do trabalho,\u00a0laudos ou receitas m\u00e9dicas. Para garantir a vacina\u00e7\u00e3o, os gon\u00e7alenses devem chegar at\u00e9 as 16h30 nas unidades de sa\u00fade durante a semana. Aos s\u00e1bados, at\u00e9 11h30.<\/p>\n\n\n\n<p><strong>Locais de vacina\u00e7\u00e3o:<\/strong><\/p>\n\n\n\n<p>1 \u2013 Polo Sanit\u00e1rio Paulo Marques Rangel, Porto do Rosa<\/p>\n\n\n\n<p>2 \u2013 USF Jardim Catarina I<\/p>\n\n\n\n<p>3 \u2013 USF Jos\u00e9 Avelino de Souza, Tribob\u00f3<\/p>\n\n\n\n<p>4 \u2013 USF Agenor Jos\u00e9 da Silva, Jardim Catarina<\/p>\n\n\n\n<p>5 \u2013 USF Louis Pasteur, Guaxindiba<\/p>\n\n\n\n<p>6 \u2013 Cl\u00ednica Gon\u00e7alense do Barro Vermelho<\/p>\n\n\n\n<p>7 \u2013 PAM Coelho<\/p>\n\n\n\n<p>8 \u2013 Polo Sanit\u00e1rio Washington Luiz Lopes, Z\u00e9 Garoto<\/p>\n\n\n\n<p>9 \u2013 USF David Capistrano, Ita\u00fana<\/p>\n\n\n\n<p>10 \u2013 USF Barbosa Lima Sobrinho, Boa Vista<\/p>\n\n\n\n<p>11 \u2013 Cl\u00ednica Municipal Gon\u00e7alense do Mutondo<\/p>\n\n\n\n<p>12 \u2013 USF Jos\u00e9 Bruno Neto, Boa Vista<\/p>\n\n\n\n<p>13 \u2013 USF Santa Luzia&nbsp;<\/p>\n\n\n\n<p>14 \u2013 Polo Sanit\u00e1rio H\u00e9lio Cruz, Alc\u00e2ntara<\/p>\n\n\n\n<p>15 \u2013 USF Jos\u00e9 Jorge Cortes Freitas, Itaitindiba<\/p>\n\n\n\n<p>16 \u2013 Polo Sanit\u00e1rio Augusto Sena, Rio do Ouro<\/p>\n\n\n\n<p>17 \u2013 USF Josias Muniz, Rio do Ouro&nbsp;<\/p>\n\n\n\n<p>18 \u2013 USF Ana Nery, Gradim<\/p>\n\n\n\n<p>19 \u2013 Polo Sanit\u00e1rio Jorge Teixeira de Lima, Jardim Catarina<\/p>\n\n\n\n<p>20 \u2013 USF Mahatma Gandhi, Jardim Calif\u00f3rnia<\/p>\n\n\n\n<p>21 \u2013 USF Bento da Cruz, Porto Novo<\/p>\n\n\n\n<p>22 \u2013 USF Marechal C\u00e2ndido Rondon, Coluband\u00ea<\/p>\n\n\n\n<p>23 \u2013 USF Madre Teresa de Calcut\u00e1, Estrela do Norte<\/p>\n\n\n\n<p>24 \u2013 USF Juvenil Francisco Ribeiro, Engenho Pequeno<\/p>\n\n\n\n<p>25 \u2013 USF Fl\u00e1vio Henrique de Brito, J\u00f3quei<\/p>\n\n\n\n<p>26 \u2013 USF Irm\u00e3 Dulce, Trindade<\/p>\n\n\n\n<p>27 \u2013 USF Luiz Paulo Guimar\u00e3es, Laranjal<\/p>\n\n\n\n<p>28 \u2013 USF Gladys Rodrigues Ramos Freitas, Santa Isabel<\/p>\n\n\n\n<p>29 \u2013 USF Elza Borges, Santa Luzia<\/p>\n\n\n\n<p>30 \u2013 PAM Neves<\/p>\n\n\n\n<p>31 \u2013 USF Juarez Antunes, Laranjal&nbsp;<\/p>\n\n\n\n<p>32 \u2013 USF Luiz Carlos Prestes, Santa Catarina<\/p>\n\n\n\n<p>33 \u2013 USF Badger da Silveira, Tribob\u00f3<\/p>\n\n\n\n<p>34 \u2013 USF Em\u00edlio Ribas, Barrac\u00e3o<\/p>\n\n\n\n<p>35 \u2013 Cl\u00ednica Municipal da Fam\u00edlia Dr. Zerbini, Arsenal<\/p>\n\n\n\n<p>36 \u2013 USF Alexander Fleming, Boa\u00e7u<\/p>\n\n\n\n<p>37 \u2013 USF Vista Alegre<\/p>\n\n\n\n<p>38 \u2013 USF Tancredo Neves, Luiz Ca\u00e7ador<\/p>\n\n\n\n<p>39 \u2013 USF Geremias de Mattos Fontes, Jardim Bom Retiro<\/p>\n\n\n\n<p>40 \u2013 USF Quinta Dom Ricardo<\/p>\n\n\n\n<p>41 \u2013 USF Apolo III<\/p>\n\n\n\n<p>42 \u2013 USF Hiparco Ferreira, Engenho do Ro\u00e7ado<\/p>\n\n\n\n<p>43 \u2013 USF Almerinda<\/p>\n\n\n\n<p>44 \u2013 USF Lu\u00edsa de Marilac, Novo M\u00e9xico<\/p>\n\n\n\n<p>45 \u2013 Cl\u00ednica Municipal Gon\u00e7alense do Coluband\u00ea<\/p>\n\n\n\n<p>46 \u2013 USF Presidente Get\u00falio Vargas, Boa Vista<\/p>\n\n\n\n<p>47 \u2013 USF Dr. Robert Koch, Porto da Madama<\/p>\n\n\n\n<p>48 \u2013 USF Doutel de Andrade, Maria Paula<\/p>\n\n\n\n<p>49 \u2013 USF Vila Candoza<\/p>\n\n\n\n<p>50 \u2013 USF \u00c1gua Mineral<\/p>\n\n\n\n<p>51 \u2013 USF Adolfo Lutz, Amendoeira<\/p>\n\n\n\n<p>52 \u2013 USF Port\u00e3o do Rosa<\/p>\n\n\n\n<p>53 \u2013 USF Albert Sabin, Itaoca<\/p>\n\n\n\n<p>54 \u2013 USF Mutuagua\u00e7u<\/p>\n\n\n\n<p>55 \u2013 USF Floriano Barbosa, Jardim Catarina<\/p>\n\n\n\n<p>56 \u2013 USF Ita\u00fana<\/p>\n\n\n\n<p>57\u2013 USF Victor Chimelly, Paiva<\/p>\n\n\n\n<p>58 \u2013 USF Jardel do Amaral, Venda da Cruz<\/p>\n\n\n\n<p>59 \u2013 Cl\u00ednica Municipal Gon\u00e7alense da Lagoinha&nbsp;<\/p>\n\n\n\n<p>60 \u2013 USF Bandeirantes<\/p>\n\n\n\n<p>61 \u2013 USF Oswaldo Cruz, Amendoeira<\/p>\n\n\n\n<p>62 \u2013 USF Carlos Chagas, Fazenda dos Mineiros<\/p>\n\n\n\n<p>63 \u2013 USF Manoel de Abreu, Ipi\u00edba<\/p>\n\n\n\n<p>64 \u2013 USF Jo\u00e3o Goulart, Jardim Catarina<\/p>\n\n\n\n<p>65 \u2013 USF Ary Teixeira, Jardim Bom Retiro<\/p>\n\n\n\n<p>66 \u2013 USF Geremias de Mattos Fontes, Jardim Bom Retiro<\/p>\n\n\n\n<p>67 \u2013 USF Floren\u00e7a Helena Pereira da Silva, Largo da Id\u00e9ia<\/p>\n\n\n\n<p>68 \u2013 USF An\u00edbal Porto, Monjolos<\/p>\n\n\n\n<p><em>Foto: Julio Diniz<\/em><\/p>\n\n\n\n<p><strong><em>Passe sua informa\u00e7\u00e3o pelo nosso WhatsApp: (21) <\/em><\/strong><strong><em>99744 5345<\/em><\/strong><strong><em><\/em><\/strong><\/p>\n\n\n\n<p><strong><em>S\u00e3o Gon\u00e7alo Vai Mudar: Not\u00edcias de S\u00e3o Gon\u00e7alo e toda regi\u00e3o.<\/em><\/strong><\/p>\n\n\n\n<figure class=\"wp-block-video\"><video height=\"1280\" style=\"aspect-ratio: 720 \/ 1280;\" width=\"720\" controls src=\"https:\/\/sgvaimudar.com.br\/wp-content\/uploads\/2026\/01\/NoticiaUrgete.logoSGVM.mp4\"><\/video><\/figure>\n\n\n\n<p><\/p>\n","protected":false},"excerpt":{"rendered":"<p>Munic\u00edpio mant\u00e9m crit\u00e9rio de grupos priorit\u00e1rios elencados pelo Minist\u00e9rio da Sa\u00fade&nbsp;&nbsp;&nbsp; A vacina\u00e7\u00e3o contra a gripe est\u00e1 dispon\u00edvel em 68&hellip;<\/p>\n","protected":false},"author":5,"featured_media":24104,"comment_status":"closed","ping_status":"open","sticky":false,"template":"","format":"standard","meta":{"fifu_image_url":"","fifu_image_alt":"","footnotes":""},"categories":[7],"tags":[1374,47,75,51,1789,1049],"class_list":["post-40645","post","type-post","status-publish","format-standard","has-post-thumbnail","hentry","category-saude","tag-gripe","tag-rj","tag-sao-goncalo","tag-saude","tag-usfs","tag-vacinacao"],"_links":{"self":[{"href":"https:\/\/sgvaimudar.com.br\/index.php\/wp-json\/wp\/v2\/posts\/40645","targetHints":{"allow":["GET"]}}],"collection":[{"href":"https:\/\/sgvaimudar.com.br\/index.php\/wp-json\/wp\/v2\/posts"}],"about":[{"href":"https:\/\/sgvaimudar.com.br\/index.php\/wp-json\/wp\/v2\/types\/post"}],"author":[{"embeddable":true,"href":"https:\/\/sgvaimudar.com.br\/index.php\/wp-json\/wp\/v2\/users\/5"}],"replies":[{"embeddable":true,"href":"https:\/\/sgvaimudar.com.br\/index.php\/wp-json\/wp\/v2\/comments?post=40645"}],"version-history":[{"count":1,"href":"https:\/\/sgvaimudar.com.br\/index.php\/wp-json\/wp\/v2\/posts\/40645\/revisions"}],"predecessor-version":[{"id":40646,"href":"https:\/\/sgvaimudar.com.br\/index.php\/wp-json\/wp\/v2\/posts\/40645\/revisions\/40646"}],"wp:featuredmedia":[{"embeddable":true,"href":"https:\/\/sgvaimudar.com.br\/index.php\/wp-json\/wp\/v2\/media\/24104"}],"wp:attachment":[{"href":"https:\/\/sgvaimudar.com.br\/index.php\/wp-json\/wp\/v2\/media?parent=40645"}],"wp:term":[{"taxonomy":"category","embeddable":true,"href":"https:\/\/sgvaimudar.com.br\/index.php\/wp-json\/wp\/v2\/categories?post=40645"},{"taxonomy":"post_tag","embeddable":true,"href":"https:\/\/sgvaimudar.com.br\/index.php\/wp-json\/wp\/v2\/tags?post=40645"}],"curies":[{"name":"wp","href":"https:\/\/api.w.org\/{rel}","templated":true}]}}