{"id":40641,"date":"2026-04-27T08:36:57","date_gmt":"2026-04-27T11:36:57","guid":{"rendered":"https:\/\/sgvaimudar.com.br\/?p=40641"},"modified":"2026-04-27T08:36:58","modified_gmt":"2026-04-27T11:36:58","slug":"fundacao-de-sao-goncalo-realiza-acao-de-vacinacao-para-servidores-em-sua-sede-no-centro","status":"publish","type":"post","link":"https:\/\/sgvaimudar.com.br\/index.php\/2026\/04\/27\/fundacao-de-sao-goncalo-realiza-acao-de-vacinacao-para-servidores-em-sua-sede-no-centro\/","title":{"rendered":"Funda\u00e7\u00e3o de S\u00e3o Gon\u00e7alo realiza a\u00e7\u00e3o de vacina\u00e7\u00e3o para servidores em sua sede, no Centro"},"content":{"rendered":"\n<p><em>Ser\u00e3o oferecidos imunizantes contra Influenza (gripe) e Covid-19<\/em><\/p>\n\n\n\n<p>A Funda\u00e7\u00e3o de Assist\u00eancia \u00e0 Sa\u00fade dos Servidores de S\u00e3o Gon\u00e7alo (Funasg) vai realizar uma a\u00e7\u00e3o de vacina\u00e7\u00e3o em sua sede, no Centro, nesta segunda-feira (27), das 9h \u00e0s 13h. No evento, ser\u00e3o disponibilizadas vacinas contra Influenza (gripe) e Covid-19.<\/p>\n\n\n\n<p>A a\u00e7\u00e3o ser\u00e1 para os servidores ativos e inativos e seus dependentes, j\u00e1 assistidos pela Funasg. &#8220;Vale destacar que a Funda\u00e7\u00e3o oferece diferentes servi\u00e7os ao funcionalismo p\u00fablico, com diversas especialidades m\u00e9dicas. Os atendimentos na Funasg s\u00e3o realizados para servidores ativos e inativos da Prefeitura de S\u00e3o Gon\u00e7alo e seus dependentes&#8221;, disse a Prefeitura no texto.\u00a0<\/p>\n\n\n\n<figure class=\"wp-block-image size-large\"><img fetchpriority=\"high\" decoding=\"async\" width=\"819\" height=\"1024\" src=\"https:\/\/sgvaimudar.com.br\/wp-content\/uploads\/2026\/04\/unnamed-5-11-819x1024.jpg\" alt=\"\" class=\"wp-image-40642\" srcset=\"https:\/\/sgvaimudar.com.br\/wp-content\/uploads\/2026\/04\/unnamed-5-11-819x1024.jpg 819w, https:\/\/sgvaimudar.com.br\/wp-content\/uploads\/2026\/04\/unnamed-5-11-240x300.jpg 240w, https:\/\/sgvaimudar.com.br\/wp-content\/uploads\/2026\/04\/unnamed-5-11-768x960.jpg 768w, https:\/\/sgvaimudar.com.br\/wp-content\/uploads\/2026\/04\/unnamed-5-11.jpg 1080w\" sizes=\"(max-width: 819px) 100vw, 819px\" \/><\/figure>\n\n\n\n<p>&#8220;\u00c9 muito importante que nossos servidores entendam a import\u00e2ncia de proteger sua sa\u00fade e manter a vacina\u00e7\u00e3o em dia. Cuidar da sa\u00fade do nosso servidor \u00e9 essencial, faz bem para a autoestima deles e tamb\u00e9m faz com que ele prestem um atendimento melhor para a nossa popula\u00e7\u00e3o. Seguiremos com essas e outras a\u00e7\u00f5es, como a Funasg Mais nas secretarias&#8221;, disse o presidente da Funasg, Eug\u00eanio Abreu.&nbsp;<\/p>\n\n\n\n<p><strong>Servi\u00e7o:<\/strong><\/p>\n\n\n\n<p>A Funasg funciona na Rua Alu\u00edsio Neiva, 808, Centro de S\u00e3o Gon\u00e7alo.<\/p>\n\n\n\n<p><strong><em>Passe sua informa\u00e7\u00e3o pelo nosso WhatsApp: (21) <\/em><\/strong><strong><em>99744 5345<\/em><\/strong><strong><em><\/em><\/strong><\/p>\n\n\n\n<p><strong><em>S\u00e3o Gon\u00e7alo Vai Mudar: Not\u00edcias de S\u00e3o Gon\u00e7alo e toda regi\u00e3o.<\/em><\/strong><\/p>\n\n\n\n<figure class=\"wp-block-video\"><video height=\"1280\" style=\"aspect-ratio: 720 \/ 1280;\" width=\"720\" controls src=\"https:\/\/sgvaimudar.com.br\/wp-content\/uploads\/2026\/01\/NoticiaUrgete.logoSGVM.mp4\"><\/video><\/figure>\n","protected":false},"excerpt":{"rendered":"<p>Ser\u00e3o oferecidos imunizantes contra Influenza (gripe) e Covid-19 A Funda\u00e7\u00e3o de Assist\u00eancia \u00e0 Sa\u00fade dos Servidores de S\u00e3o Gon\u00e7alo (Funasg)&hellip;<\/p>\n","protected":false},"author":5,"featured_media":40644,"comment_status":"closed","ping_status":"open","sticky":false,"template":"","format":"standard","meta":{"fifu_image_url":"https:\/\/sgvaimudar.com.br\/wp-content\/uploads\/2025\/10\/unnamed-31.webp","fifu_image_alt":"","footnotes":""},"categories":[7],"tags":[466,2188,47,75,51,2187,1978,505],"class_list":["post-40641","post","type-post","status-publish","format-standard","has-post-thumbnail","hentry","category-saude","tag-centro","tag-covid-19","tag-rj","tag-sao-goncalo","tag-saude","tag-sede","tag-servidor","tag-vacina"],"_links":{"self":[{"href":"https:\/\/sgvaimudar.com.br\/index.php\/wp-json\/wp\/v2\/posts\/40641","targetHints":{"allow":["GET"]}}],"collection":[{"href":"https:\/\/sgvaimudar.com.br\/index.php\/wp-json\/wp\/v2\/posts"}],"about":[{"href":"https:\/\/sgvaimudar.com.br\/index.php\/wp-json\/wp\/v2\/types\/post"}],"author":[{"embeddable":true,"href":"https:\/\/sgvaimudar.com.br\/index.php\/wp-json\/wp\/v2\/users\/5"}],"replies":[{"embeddable":true,"href":"https:\/\/sgvaimudar.com.br\/index.php\/wp-json\/wp\/v2\/comments?post=40641"}],"version-history":[{"count":1,"href":"https:\/\/sgvaimudar.com.br\/index.php\/wp-json\/wp\/v2\/posts\/40641\/revisions"}],"predecessor-version":[{"id":40643,"href":"https:\/\/sgvaimudar.com.br\/index.php\/wp-json\/wp\/v2\/posts\/40641\/revisions\/40643"}],"wp:featuredmedia":[{"embeddable":true,"href":"https:\/\/sgvaimudar.com.br\/index.php\/wp-json\/wp\/v2\/media\/40644"}],"wp:attachment":[{"href":"https:\/\/sgvaimudar.com.br\/index.php\/wp-json\/wp\/v2\/media?parent=40641"}],"wp:term":[{"taxonomy":"category","embeddable":true,"href":"https:\/\/sgvaimudar.com.br\/index.php\/wp-json\/wp\/v2\/categories?post=40641"},{"taxonomy":"post_tag","embeddable":true,"href":"https:\/\/sgvaimudar.com.br\/index.php\/wp-json\/wp\/v2\/tags?post=40641"}],"curies":[{"name":"wp","href":"https:\/\/api.w.org\/{rel}","templated":true}]}}