{"id":40635,"date":"2026-04-27T08:16:35","date_gmt":"2026-04-27T11:16:35","guid":{"rendered":"https:\/\/sgvaimudar.com.br\/?p=40635"},"modified":"2026-04-27T08:18:28","modified_gmt":"2026-04-27T11:18:28","slug":"goncalenses-comemoram-o-dia-do-trabalhador-ao-som-do-grupo-local-os-garotin","status":"publish","type":"post","link":"https:\/\/sgvaimudar.com.br\/index.php\/2026\/04\/27\/goncalenses-comemoram-o-dia-do-trabalhador-ao-som-do-grupo-local-os-garotin\/","title":{"rendered":"Gon\u00e7alenses comemoram o Dia do Trabalhador ao som do grupo local Os Garotin"},"content":{"rendered":"\n<p><em>Festa no Parque RJ Nosso Sonho re\u00fane atividades gratuitas a partir das 15h no dia 1\u00ba de maio<\/em><\/p>\n\n\n\n<p>O munic\u00edpio de S\u00e3o Gon\u00e7alo vai celebrar o Dia do Trabalhador com mais uma edi\u00e7\u00e3o da Festa do Trabalhador, no dia 1\u00ba de maio, no Parque RJ Nosso Sonho, no bairro Boa Vista, com show dos gon\u00e7alenses Os Garotin como grande destaque da programa\u00e7\u00e3o. <\/p>\n\n\n\n<p>O evento \u00e9 uma parceria entre a Prefeitura de S\u00e3o Gon\u00e7alo, o Sesc RJ e SindCom\u00e9rcio S\u00e3o Gon\u00e7alo e promete uma programa\u00e7\u00e3o variada para todas as idades.<\/p>\n\n\n\n<p>A partir das 15h, os port\u00f5es do parque ser\u00e3o abertos ao p\u00fablico, dando in\u00edcio a uma s\u00e9rie de atividades voltadas para a garotada e toda a fam\u00edlia. Ao longo da tarde, o p\u00fablico poder\u00e1 participar de viv\u00eancias esportivas, incluindo futebol feminino, v\u00f4lei, basquete e lutas, al\u00e9m de aul\u00f5es fitness com ritmos, funcional e circuito.<\/p>\n\n\n\n<p>A programa\u00e7\u00e3o tamb\u00e9m conta com espa\u00e7o de leitura com media\u00e7\u00e3o, recrea\u00e7\u00e3o infantil e diversas oficinas interativas, como atividades de sustentabilidade, oficina de f\u00f3sseis, rob\u00f3tica e experi\u00eancias com realidade virtual. Um dos destaques ser\u00e1 a cl\u00ednica de skate, com a presen\u00e7a do skatista Nilo Pe\u00e7anha, que vai proporcionar viv\u00eancia pr\u00e1tica, orienta\u00e7\u00e3o t\u00e9cnica e incentivo ao esporte, especialmente para o p\u00fablico jovem.<\/p>\n\n\n\n<p>Para abrir a programa\u00e7\u00e3o musical, a partir das 18h, haver\u00e1 show do cantor gon\u00e7alense Maykon e participa\u00e7\u00e3o da escola de samba campe\u00e3 do carnaval gon\u00e7alense deste ano, Unidos do Salgueiro de S\u00e3o Gon\u00e7alo. Encerrando o evento, o grupo Os Garotin sobe ao palco \u00e0s 20h, prometendo animar o p\u00fablico com muita m\u00fasica e celebrar a data com grande estilo.<\/p>\n\n\n\n<p>Para o secret\u00e1rio de Comunica\u00e7\u00e3o Social, Alexandre Coutinho, o evento refor\u00e7a o papel da cultura e do lazer na cidade.<\/p>\n\n\n\n<p>\u201cA Festa do Trabalhador vai ser um momento de celebra\u00e7\u00e3o com a nossa popula\u00e7\u00e3o. Preparamos uma programa\u00e7\u00e3o pensada para toda a fam\u00edlia, com esporte, cultura e um grande show, garantindo acesso gratuito e de qualidade para os gon\u00e7alenses de todas as idades. A festa \u00e9 fruto de uma parceria bem-sucedida com a Fecomercio e o SindCom\u00e9rcio S\u00e3o Gon\u00e7alo, que vem garantindo grandes eventos para a popula\u00e7\u00e3o&#8221;, afirmou.<\/p>\n\n\n\n<p><strong>Servi\u00e7o:&nbsp;<\/strong><\/p>\n\n\n\n<p>Data: 1\u00ba de maio (sexta-feira)<\/p>\n\n\n\n<p>Hor\u00e1rio: A partir das 15h&nbsp;<\/p>\n\n\n\n<p>Local: Parque RJ Nosso Sonho \u2013 S\u00e3o Gon\u00e7alo (Rua Formosa, Boa Vista)<\/p>\n\n\n\n<p>Entrada: Gratuita<\/p>\n\n\n\n<p><em>Foto: Renan Otto<\/em><\/p>\n\n\n\n<p><strong><em>Passe sua informa\u00e7\u00e3o pelo nosso WhatsApp: (21) <\/em><\/strong><strong><em>99744 5345<\/em><\/strong><strong><em><\/em><\/strong><\/p>\n\n\n\n<p><strong><em>S\u00e3o Gon\u00e7alo Vai Mudar: Not\u00edcias de S\u00e3o Gon\u00e7alo e toda regi\u00e3o.<\/em><\/strong><\/p>\n\n\n\n<figure class=\"wp-block-image size-large is-resized\"><img fetchpriority=\"high\" decoding=\"async\" width=\"577\" height=\"1024\" src=\"https:\/\/sgvaimudar.com.br\/wp-content\/uploads\/2026\/01\/vceoreporter.SGVM_-577x1024.jpg\" alt=\"\" class=\"wp-image-36417\" style=\"width:681px;height:auto\" srcset=\"https:\/\/sgvaimudar.com.br\/wp-content\/uploads\/2026\/01\/vceoreporter.SGVM_-577x1024.jpg 577w, https:\/\/sgvaimudar.com.br\/wp-content\/uploads\/2026\/01\/vceoreporter.SGVM_-169x300.jpg 169w, https:\/\/sgvaimudar.com.br\/wp-content\/uploads\/2026\/01\/vceoreporter.SGVM_.jpg 640w\" sizes=\"(max-width: 577px) 100vw, 577px\" \/><\/figure>\n","protected":false},"excerpt":{"rendered":"<p>Festa no Parque RJ Nosso Sonho re\u00fane atividades gratuitas a partir das 15h no dia 1\u00ba de maio O munic\u00edpio&hellip;<\/p>\n","protected":false},"author":5,"featured_media":40637,"comment_status":"closed","ping_status":"open","sticky":false,"template":"","format":"standard","meta":{"fifu_image_url":"https:\/\/sgvaimudar.com.br\/wp-content\/uploads\/2026\/03\/ParqueRJNossoSonhoFachada.divulgacao.PMSG_.jpg","fifu_image_alt":"","footnotes":""},"categories":[6],"tags":[180,1487,1072,111,47,75,1488,429],"class_list":["post-40635","post","type-post","status-publish","format-standard","has-post-thumbnail","hentry","category-entretenimento","tag-dia","tag-nosso","tag-parque","tag-prefeitura","tag-rj","tag-sao-goncalo","tag-sonho","tag-trabalho"],"_links":{"self":[{"href":"https:\/\/sgvaimudar.com.br\/index.php\/wp-json\/wp\/v2\/posts\/40635","targetHints":{"allow":["GET"]}}],"collection":[{"href":"https:\/\/sgvaimudar.com.br\/index.php\/wp-json\/wp\/v2\/posts"}],"about":[{"href":"https:\/\/sgvaimudar.com.br\/index.php\/wp-json\/wp\/v2\/types\/post"}],"author":[{"embeddable":true,"href":"https:\/\/sgvaimudar.com.br\/index.php\/wp-json\/wp\/v2\/users\/5"}],"replies":[{"embeddable":true,"href":"https:\/\/sgvaimudar.com.br\/index.php\/wp-json\/wp\/v2\/comments?post=40635"}],"version-history":[{"count":1,"href":"https:\/\/sgvaimudar.com.br\/index.php\/wp-json\/wp\/v2\/posts\/40635\/revisions"}],"predecessor-version":[{"id":40636,"href":"https:\/\/sgvaimudar.com.br\/index.php\/wp-json\/wp\/v2\/posts\/40635\/revisions\/40636"}],"wp:featuredmedia":[{"embeddable":true,"href":"https:\/\/sgvaimudar.com.br\/index.php\/wp-json\/wp\/v2\/media\/40637"}],"wp:attachment":[{"href":"https:\/\/sgvaimudar.com.br\/index.php\/wp-json\/wp\/v2\/media?parent=40635"}],"wp:term":[{"taxonomy":"category","embeddable":true,"href":"https:\/\/sgvaimudar.com.br\/index.php\/wp-json\/wp\/v2\/categories?post=40635"},{"taxonomy":"post_tag","embeddable":true,"href":"https:\/\/sgvaimudar.com.br\/index.php\/wp-json\/wp\/v2\/tags?post=40635"}],"curies":[{"name":"wp","href":"https:\/\/api.w.org\/{rel}","templated":true}]}}