{"id":40616,"date":"2026-04-26T08:52:34","date_gmt":"2026-04-26T11:52:34","guid":{"rendered":"https:\/\/sgvaimudar.com.br\/?p=40616"},"modified":"2026-04-26T08:55:16","modified_gmt":"2026-04-26T11:55:16","slug":"douglas-ruas-reafirma-apoio-ao-interior-em-celebracao-realizada-em-trajano-de-moraes","status":"publish","type":"post","link":"https:\/\/sgvaimudar.com.br\/index.php\/2026\/04\/26\/douglas-ruas-reafirma-apoio-ao-interior-em-celebracao-realizada-em-trajano-de-moraes\/","title":{"rendered":"Douglas Ruas reafirma apoio ao interior em celebra\u00e7\u00e3o realizada em Trajano de Moraes"},"content":{"rendered":"\n<p><em>Chefe do Legislativo do Rio de Janeiro participou do anivers\u00e1rio de emancipa\u00e7\u00e3o pol\u00edtica de Trajano de Moraes<\/em><\/p>\n\n\n\n<p>O presidente da Assembleia Legislativa do Estado do Rio de Janeiro (Alerj), Douglas Ruas (PL), participou neste s\u00e1bado (25) do desfile c\u00edvico pelos 135 anos de Trajano de Moraes, na Regi\u00e3o Serrana.<\/p>\n\n\n\n<p>O evento contou com a presen\u00e7a de diversas personalidades da pol\u00edtica fluminense: os deputados federais Altineu C\u00f4rtes (PL) e Daniela Cunha (PL), o deputado estadual Chico Machado (PL), o ex-deputado estadual Bruno Boaretto (PL), o prefeito de Carapebus, Bernard Tavares (Cidadania), o vice-prefeito de Itaocara, Beto do Papagaio (PL) e do ex-prefeito de Tangu\u00e1, Rodrigo Medeiros (PL). As autoridades foram recebidas pelo prefeito de Trajano de Moraes, Rildo Gon\u00e7alves (PL).<\/p>\n\n\n\n<figure class=\"wp-block-image size-large\"><img fetchpriority=\"high\" decoding=\"async\" width=\"1024\" height=\"768\" src=\"https:\/\/sgvaimudar.com.br\/wp-content\/uploads\/2026\/04\/WhatsApp-Image-2026-04-25-at-14.22.24-1-1024x768.jpeg\" alt=\"\" class=\"wp-image-40618\" srcset=\"https:\/\/sgvaimudar.com.br\/wp-content\/uploads\/2026\/04\/WhatsApp-Image-2026-04-25-at-14.22.24-1-1024x768.jpeg 1024w, https:\/\/sgvaimudar.com.br\/wp-content\/uploads\/2026\/04\/WhatsApp-Image-2026-04-25-at-14.22.24-1-300x225.jpeg 300w, https:\/\/sgvaimudar.com.br\/wp-content\/uploads\/2026\/04\/WhatsApp-Image-2026-04-25-at-14.22.24-1-768x576.jpeg 768w, https:\/\/sgvaimudar.com.br\/wp-content\/uploads\/2026\/04\/WhatsApp-Image-2026-04-25-at-14.22.24-1-1536x1152.jpeg 1536w, https:\/\/sgvaimudar.com.br\/wp-content\/uploads\/2026\/04\/WhatsApp-Image-2026-04-25-at-14.22.24-1.jpeg 1600w\" sizes=\"(max-width: 1024px) 100vw, 1024px\" \/><\/figure>\n\n\n\n<p>Durante a agenda, Ruas destacou seu compromisso com o desenvolvimento do interior do estado e a aten\u00e7\u00e3o \u00e0s demandas da Regi\u00e3o Serrana, defendendo mais investimentos e pol\u00edticas p\u00fablicas voltadas \u00e0 melhoria da qualidade de vida da popula\u00e7\u00e3o e ao fomento do turismo para potencializar as voca\u00e7\u00f5es da regi\u00e3o.<\/p>\n\n\n\n<p>\u201cComo presidente da Alerj reafirmo o compromisso de estar atento \u00e0s demandas dos munic\u00edpios do interior. Um estado forte passa por um interior forte. E um exemplo disso \u00e9 o programa Governo Presente nas Cidades, uma pol\u00edtica p\u00fablica que permite aos munic\u00edpios levarem seus pleitos e serem contemplados com obras que trazem mais qualidade de vida aos moradores\u201d, afirmou Douglas Ruas.<\/p>\n\n\n\n<p><strong><em>Passe sua informa\u00e7\u00e3o pelo nosso WhatsApp: (21) <\/em><\/strong><strong><em>99744 5345<\/em><\/strong><strong><em><\/em><\/strong><\/p>\n\n\n\n<p><strong><em>S\u00e3o Gon\u00e7alo Vai Mudar: Not\u00edcias de S\u00e3o Gon\u00e7alo e toda regi\u00e3o.<\/em><\/strong><\/p>\n\n\n\n<figure class=\"wp-block-video\"><video height=\"850\" style=\"aspect-ratio: 476 \/ 850;\" width=\"476\" controls src=\"https:\/\/sgvaimudar.com.br\/wp-content\/uploads\/2026\/02\/anuncioWillSmith.mp4\"><\/video><\/figure>\n","protected":false},"excerpt":{"rendered":"<p>Chefe do Legislativo do Rio de Janeiro participou do anivers\u00e1rio de emancipa\u00e7\u00e3o pol\u00edtica de Trajano de Moraes O presidente da&hellip;<\/p>\n","protected":false},"author":5,"featured_media":40620,"comment_status":"closed","ping_status":"open","sticky":false,"template":"","format":"standard","meta":{"fifu_image_url":"https:\/\/sgvaimudar.com.br\/wp-content\/uploads\/2026\/04\/WhatsApp-Image-2026-04-25-at-14.22.24.jpeg","fifu_image_alt":"","footnotes":""},"categories":[3],"tags":[374,255,2180,545,1261,445,1821,546,75,269],"class_list":["post-40616","post","type-post","status-publish","format-standard","has-post-thumbnail","hentry","category-sao-goncalo","tag-aniversario","tag-compromisso","tag-deputado","tag-douglas","tag-goncalense","tag-governador","tag-interior","tag-ruas","tag-sao-goncalo","tag-visita"],"_links":{"self":[{"href":"https:\/\/sgvaimudar.com.br\/index.php\/wp-json\/wp\/v2\/posts\/40616","targetHints":{"allow":["GET"]}}],"collection":[{"href":"https:\/\/sgvaimudar.com.br\/index.php\/wp-json\/wp\/v2\/posts"}],"about":[{"href":"https:\/\/sgvaimudar.com.br\/index.php\/wp-json\/wp\/v2\/types\/post"}],"author":[{"embeddable":true,"href":"https:\/\/sgvaimudar.com.br\/index.php\/wp-json\/wp\/v2\/users\/5"}],"replies":[{"embeddable":true,"href":"https:\/\/sgvaimudar.com.br\/index.php\/wp-json\/wp\/v2\/comments?post=40616"}],"version-history":[{"count":1,"href":"https:\/\/sgvaimudar.com.br\/index.php\/wp-json\/wp\/v2\/posts\/40616\/revisions"}],"predecessor-version":[{"id":40619,"href":"https:\/\/sgvaimudar.com.br\/index.php\/wp-json\/wp\/v2\/posts\/40616\/revisions\/40619"}],"wp:featuredmedia":[{"embeddable":true,"href":"https:\/\/sgvaimudar.com.br\/index.php\/wp-json\/wp\/v2\/media\/40620"}],"wp:attachment":[{"href":"https:\/\/sgvaimudar.com.br\/index.php\/wp-json\/wp\/v2\/media?parent=40616"}],"wp:term":[{"taxonomy":"category","embeddable":true,"href":"https:\/\/sgvaimudar.com.br\/index.php\/wp-json\/wp\/v2\/categories?post=40616"},{"taxonomy":"post_tag","embeddable":true,"href":"https:\/\/sgvaimudar.com.br\/index.php\/wp-json\/wp\/v2\/tags?post=40616"}],"curies":[{"name":"wp","href":"https:\/\/api.w.org\/{rel}","templated":true}]}}