{"id":40611,"date":"2026-04-26T08:45:02","date_gmt":"2026-04-26T11:45:02","guid":{"rendered":"https:\/\/sgvaimudar.com.br\/?p=40611"},"modified":"2026-04-26T08:45:03","modified_gmt":"2026-04-26T11:45:03","slug":"parque-de-sao-goncalo-recebe-aulao-especial-em-celebracao-ao-dia-internacional-da-danca","status":"publish","type":"post","link":"https:\/\/sgvaimudar.com.br\/index.php\/2026\/04\/26\/parque-de-sao-goncalo-recebe-aulao-especial-em-celebracao-ao-dia-internacional-da-danca\/","title":{"rendered":"Parque de S\u00e3o Gon\u00e7alo recebe aul\u00e3o especial em celebra\u00e7\u00e3o ao Dia Internacional da Dan\u00e7a"},"content":{"rendered":"\n<p><em>Evento gratuito reuniu moradores de todas as idades em uma manh\u00e3 de dan\u00e7a<\/em><\/p>\n\n\n\n<p>O Parque RJ Nosso Sonho foi palco, na manh\u00e3 deste s\u00e1bado (25), de muita anima\u00e7\u00e3o, m\u00fasica e integra\u00e7\u00e3o, reunindo gon\u00e7alenses para um aul\u00e3o especial em comemora\u00e7\u00e3o ao Dia Internacional da Dan\u00e7a, celebrado em 29 de abril. A a\u00e7\u00e3o foi promovida pela Secretaria de Esporte e Lazer e atraiu p\u00fablico de todas as idades.<\/p>\n\n\n\n<p>O evento contou com uma programa\u00e7\u00e3o diversificada, incluindo aulas de Zumba e Ritmos, roda de Carimb\u00f3 e uma apresenta\u00e7\u00e3o especial de bal\u00e9. A performance encantou o p\u00fablico e foi protagonizada por crian\u00e7as e jovens, al\u00e9m dos pr\u00f3prios instrutores do aul\u00e3o, todos integrantes de n\u00facleos de projetos esportivos desenvolvidos na cidade. Em um momento de grande intera\u00e7\u00e3o, os professores convidaram suas turmas para o palco, envolvendo ainda mais a plateia na celebra\u00e7\u00e3o.<\/p>\n\n\n\n<figure class=\"wp-block-image size-large\"><img fetchpriority=\"high\" decoding=\"async\" width=\"1024\" height=\"684\" src=\"https:\/\/sgvaimudar.com.br\/wp-content\/uploads\/2026\/04\/unnamed-2-14-1024x684.jpg\" alt=\"\" class=\"wp-image-40613\" srcset=\"https:\/\/sgvaimudar.com.br\/wp-content\/uploads\/2026\/04\/unnamed-2-14-1024x684.jpg 1024w, https:\/\/sgvaimudar.com.br\/wp-content\/uploads\/2026\/04\/unnamed-2-14-300x200.jpg 300w, https:\/\/sgvaimudar.com.br\/wp-content\/uploads\/2026\/04\/unnamed-2-14-768x513.jpg 768w, https:\/\/sgvaimudar.com.br\/wp-content\/uploads\/2026\/04\/unnamed-2-14-1536x1027.jpg 1536w, https:\/\/sgvaimudar.com.br\/wp-content\/uploads\/2026\/04\/unnamed-2-14.jpg 1616w\" sizes=\"(max-width: 1024px) 100vw, 1024px\" \/><\/figure>\n\n\n\n<p>O secret\u00e1rio de Esporte e Lazer, Diego Andrade, destacou a import\u00e2ncia de iniciativas como essa para a popula\u00e7\u00e3o.<\/p>\n\n\n\n<p>\u201cPromover atividades culturais por meio da dan\u00e7a \u00e9 uma forma acess\u00edvel e prazerosa de incentivar o bem-estar f\u00edsico e mental. Al\u00e9m disso, momentos como este fortalecem v\u00ednculos sociais, elevam a autoestima e mostram que o esporte e a cultura caminham juntos na constru\u00e7\u00e3o de uma cidade mais saud\u00e1vel e integrada\u201d, afirmou.<\/p>\n\n\n\n<p>A data refor\u00e7a os in\u00fameros benef\u00edcios da dan\u00e7a, que v\u00e3o al\u00e9m da atividade f\u00edsica. A pr\u00e1tica contribui para o equil\u00edbrio emocional, estimula a socializa\u00e7\u00e3o, promove inclus\u00e3o e valoriza a diversidade cultural, al\u00e9m de ajudar na supera\u00e7\u00e3o da timidez. O evento no parque reafirmou esse prop\u00f3sito ao reunir pessoas de diferentes idades em torno do movimento, da m\u00fasica e da alegria.<\/p>\n\n\n\n<p><em>Foto: Renan Otto<\/em><\/p>\n\n\n\n<p><strong><em>Passe sua informa\u00e7\u00e3o pelo nosso WhatsApp: (21) <\/em><\/strong><strong><em>99744 5345<\/em><\/strong><strong><em><\/em><\/strong><\/p>\n\n\n\n<p><strong><em>S\u00e3o Gon\u00e7alo Vai Mudar: Not\u00edcias de S\u00e3o Gon\u00e7alo e toda regi\u00e3o.<\/em><\/strong><\/p>\n\n\n\n<figure class=\"wp-block-video\"><video height=\"1280\" style=\"aspect-ratio: 720 \/ 1280;\" width=\"720\" controls src=\"https:\/\/sgvaimudar.com.br\/wp-content\/uploads\/2026\/01\/logo2026.mp4\"><\/video><\/figure>\n","protected":false},"excerpt":{"rendered":"<p>Evento gratuito reuniu moradores de todas as idades em uma manh\u00e3 de dan\u00e7a O Parque RJ Nosso Sonho foi palco,&hellip;<\/p>\n","protected":false},"author":5,"featured_media":40615,"comment_status":"closed","ping_status":"open","sticky":false,"template":"","format":"standard","meta":{"fifu_image_url":"https:\/\/sgvaimudar.com.br\/wp-content\/uploads\/2026\/04\/unnamed-30.jpg","fifu_image_alt":"","footnotes":""},"categories":[6],"tags":[1605,990,102,172,111,47,75,51],"class_list":["post-40611","post","type-post","status-publish","format-standard","has-post-thumbnail","hentry","category-entretenimento","tag-aulao","tag-celebracao","tag-danca","tag-esporte","tag-prefeitura","tag-rj","tag-sao-goncalo","tag-saude"],"_links":{"self":[{"href":"https:\/\/sgvaimudar.com.br\/index.php\/wp-json\/wp\/v2\/posts\/40611","targetHints":{"allow":["GET"]}}],"collection":[{"href":"https:\/\/sgvaimudar.com.br\/index.php\/wp-json\/wp\/v2\/posts"}],"about":[{"href":"https:\/\/sgvaimudar.com.br\/index.php\/wp-json\/wp\/v2\/types\/post"}],"author":[{"embeddable":true,"href":"https:\/\/sgvaimudar.com.br\/index.php\/wp-json\/wp\/v2\/users\/5"}],"replies":[{"embeddable":true,"href":"https:\/\/sgvaimudar.com.br\/index.php\/wp-json\/wp\/v2\/comments?post=40611"}],"version-history":[{"count":1,"href":"https:\/\/sgvaimudar.com.br\/index.php\/wp-json\/wp\/v2\/posts\/40611\/revisions"}],"predecessor-version":[{"id":40614,"href":"https:\/\/sgvaimudar.com.br\/index.php\/wp-json\/wp\/v2\/posts\/40611\/revisions\/40614"}],"wp:featuredmedia":[{"embeddable":true,"href":"https:\/\/sgvaimudar.com.br\/index.php\/wp-json\/wp\/v2\/media\/40615"}],"wp:attachment":[{"href":"https:\/\/sgvaimudar.com.br\/index.php\/wp-json\/wp\/v2\/media?parent=40611"}],"wp:term":[{"taxonomy":"category","embeddable":true,"href":"https:\/\/sgvaimudar.com.br\/index.php\/wp-json\/wp\/v2\/categories?post=40611"},{"taxonomy":"post_tag","embeddable":true,"href":"https:\/\/sgvaimudar.com.br\/index.php\/wp-json\/wp\/v2\/tags?post=40611"}],"curies":[{"name":"wp","href":"https:\/\/api.w.org\/{rel}","templated":true}]}}