{"id":40606,"date":"2026-04-26T08:39:35","date_gmt":"2026-04-26T11:39:35","guid":{"rendered":"https:\/\/sgvaimudar.com.br\/?p=40606"},"modified":"2026-04-26T08:39:36","modified_gmt":"2026-04-26T11:39:36","slug":"em-sao-goncalo-caravana-de-arte-e-lazer-leva-manha-de-diversao-ao-mutua","status":"publish","type":"post","link":"https:\/\/sgvaimudar.com.br\/index.php\/2026\/04\/26\/em-sao-goncalo-caravana-de-arte-e-lazer-leva-manha-de-diversao-ao-mutua\/","title":{"rendered":"Em S\u00e3o Gon\u00e7alo, Caravana de Arte e Lazer leva manh\u00e3 de divers\u00e3o ao Mutu\u00e1"},"content":{"rendered":"\n<p><em>Projeto leva atividades gratuitas para toda a fam\u00edlia\u00a0<\/em><\/p>\n\n\n\n<p>Neste s\u00e1bado (25), a Caravana de Arte e Lazer, que passa por diversos bairros da cidade, desembarcou na pra\u00e7a do Mutu\u00e1 levando muita alegria e divers\u00e3o para a crian\u00e7ada da regi\u00e3o.&nbsp;&nbsp;&nbsp;<\/p>\n\n\n\n<p>Realizada pela Funda\u00e7\u00e3o de Artes, Esporte e Lazer de S\u00e3o Gon\u00e7alo (Faelsg), a manh\u00e3 contou com brincadeiras, brinquedos e atividades voltadas para toda a fam\u00edlia. As atividades l\u00fadicas e art\u00edsticas ainda s\u00e3o embaladas com muita m\u00fasica infantil.&nbsp;<\/p>\n\n\n\n<figure class=\"wp-block-image size-large\"><img fetchpriority=\"high\" decoding=\"async\" width=\"1024\" height=\"768\" src=\"https:\/\/sgvaimudar.com.br\/wp-content\/uploads\/2026\/04\/unnamed-1-19-1024x768.jpg\" alt=\"\" class=\"wp-image-40607\" srcset=\"https:\/\/sgvaimudar.com.br\/wp-content\/uploads\/2026\/04\/unnamed-1-19-1024x768.jpg 1024w, https:\/\/sgvaimudar.com.br\/wp-content\/uploads\/2026\/04\/unnamed-1-19-300x225.jpg 300w, https:\/\/sgvaimudar.com.br\/wp-content\/uploads\/2026\/04\/unnamed-1-19-768x576.jpg 768w, https:\/\/sgvaimudar.com.br\/wp-content\/uploads\/2026\/04\/unnamed-1-19-1536x1152.jpg 1536w, https:\/\/sgvaimudar.com.br\/wp-content\/uploads\/2026\/04\/unnamed-1-19.jpg 1600w\" sizes=\"(max-width: 1024px) 100vw, 1024px\" \/><\/figure>\n\n\n\n<p>E para ficar ainda melhor, o dia de brincadeiras ainda conta com barraquinhas que oferecem pipoca, cachorro-quente, picol\u00e9, algod\u00e3o-doce, \u00e1gua e guaran\u00e1 natural. Tudo de gra\u00e7a para a popula\u00e7\u00e3o.<\/p>\n\n\n\n<p>O projeto promove integra\u00e7\u00e3o e cultura em v\u00e1rios bairros da cidade, especialmente em \u00e1reas de maior vulnerabilidade social. Criada em 2022, a Caravana de Arte e Lazer j\u00e1 levou entretenimento e lazer para milhares de moradores em toda a cidade. A iniciativa busca fortalecer a conviv\u00eancia comunit\u00e1ria e garantir que crian\u00e7as e respons\u00e1veis tenham acesso a momentos de divers\u00e3o e atividades culturais perto de casa.<\/p>\n\n\n\n<p>A programa\u00e7\u00e3o continua neste domingo (26), no bairro Boa\u00e7u, na pra\u00e7a do Barenco, das 9h \u00e0s 13h.&nbsp;<\/p>\n\n\n\n<p><em>Foto: Ascom<\/em><\/p>\n\n\n\n<p><strong><em>Passe sua informa\u00e7\u00e3o pelo nosso WhatsApp: (21) <\/em><\/strong><strong><em>99744 5345<\/em><\/strong><strong><em><\/em><\/strong><\/p>\n\n\n\n<p><strong><em>S\u00e3o Gon\u00e7alo Vai Mudar: Not\u00edcias de S\u00e3o Gon\u00e7alo e toda regi\u00e3o.<\/em><\/strong><\/p>\n\n\n\n<figure class=\"wp-block-video\"><video height=\"1280\" style=\"aspect-ratio: 720 \/ 1280;\" width=\"720\" controls src=\"https:\/\/sgvaimudar.com.br\/wp-content\/uploads\/2026\/01\/NoticiaUrgete.logoSGVM.mp4\"><\/video><\/figure>\n","protected":false},"excerpt":{"rendered":"<p>Projeto leva atividades gratuitas para toda a fam\u00edlia\u00a0 Neste s\u00e1bado (25), a Caravana de Arte e Lazer, que passa por&hellip;<\/p>\n","protected":false},"author":5,"featured_media":40610,"comment_status":"closed","ping_status":"open","sticky":false,"template":"","format":"standard","meta":{"fifu_image_url":"https:\/\/sgvaimudar.com.br\/wp-content\/uploads\/2026\/04\/caravana-1.jpg","fifu_image_alt":"","footnotes":""},"categories":[6],"tags":[160,245,551,161,111,47,75,51,2179],"class_list":["post-40606","post","type-post","status-publish","format-standard","has-post-thumbnail","hentry","category-entretenimento","tag-caravana","tag-criancas","tag-diversao","tag-lazer","tag-prefeitura","tag-rj","tag-sao-goncalo","tag-saude","tag-tempo"],"_links":{"self":[{"href":"https:\/\/sgvaimudar.com.br\/index.php\/wp-json\/wp\/v2\/posts\/40606","targetHints":{"allow":["GET"]}}],"collection":[{"href":"https:\/\/sgvaimudar.com.br\/index.php\/wp-json\/wp\/v2\/posts"}],"about":[{"href":"https:\/\/sgvaimudar.com.br\/index.php\/wp-json\/wp\/v2\/types\/post"}],"author":[{"embeddable":true,"href":"https:\/\/sgvaimudar.com.br\/index.php\/wp-json\/wp\/v2\/users\/5"}],"replies":[{"embeddable":true,"href":"https:\/\/sgvaimudar.com.br\/index.php\/wp-json\/wp\/v2\/comments?post=40606"}],"version-history":[{"count":1,"href":"https:\/\/sgvaimudar.com.br\/index.php\/wp-json\/wp\/v2\/posts\/40606\/revisions"}],"predecessor-version":[{"id":40609,"href":"https:\/\/sgvaimudar.com.br\/index.php\/wp-json\/wp\/v2\/posts\/40606\/revisions\/40609"}],"wp:featuredmedia":[{"embeddable":true,"href":"https:\/\/sgvaimudar.com.br\/index.php\/wp-json\/wp\/v2\/media\/40610"}],"wp:attachment":[{"href":"https:\/\/sgvaimudar.com.br\/index.php\/wp-json\/wp\/v2\/media?parent=40606"}],"wp:term":[{"taxonomy":"category","embeddable":true,"href":"https:\/\/sgvaimudar.com.br\/index.php\/wp-json\/wp\/v2\/categories?post=40606"},{"taxonomy":"post_tag","embeddable":true,"href":"https:\/\/sgvaimudar.com.br\/index.php\/wp-json\/wp\/v2\/tags?post=40606"}],"curies":[{"name":"wp","href":"https:\/\/api.w.org\/{rel}","templated":true}]}}