{"id":4025,"date":"2023-11-26T21:58:47","date_gmt":"2023-11-27T00:58:47","guid":{"rendered":"https:\/\/sgvaimudar.com.br\/?p=4025"},"modified":"2023-11-26T21:58:48","modified_gmt":"2023-11-27T00:58:48","slug":"capotamento-na-br-101-em-sg-deixa-um-morto-e-quatro-feridos","status":"publish","type":"post","link":"https:\/\/sgvaimudar.com.br\/index.php\/2023\/11\/26\/capotamento-na-br-101-em-sg-deixa-um-morto-e-quatro-feridos\/","title":{"rendered":"Capotamento na BR-101, em SG, deixa um morto e quatro feridos"},"content":{"rendered":"\n<p>No in\u00edcio da manh\u00e3 deste s\u00e1bado (25), um capotamento no km 300,2 da rodovia BR-101, em S\u00e3o Gon\u00e7alo, sentido Esp\u00edrito Santo, envolvendo um ve\u00edculo Honda Civic preto, deixou cinco v\u00edtimas, entre elas, uma fatal.<\/p>\n\n\n\n<p>De acordo com a Arteris Fluminense, o motorista e o passageiro s\u00e3o v\u00edtimas em estado leve e moderado e foram removidas pela ambul\u00e2ncia da concession\u00e1ria e pelo Corpo de Bombeiros Militar do Rio de Janeiro (CBMERJ).<\/p>\n\n\n\n<p>As demais v\u00edtimas, pedestres, foram um homem, em estado moderado removida pelo CBMERJ e uma crian\u00e7a, tamb\u00e9m do sexo masculino, que foi removida pela ambul\u00e2ncia da concession\u00e1ria e levada ao Hospital Estadual Alberto Torres (Heat), no Coluband\u00ea. O estado de sa\u00fade da crian\u00e7a \u00e9 grave, segundo a unidade.<\/p>\n\n\n\n<p>A quinta v\u00edtima, pedestre do sexo feminino, veio a \u00f3bito no local. Ainda n\u00e3o h\u00e1 informa\u00e7\u00f5es sobre o estado de sa\u00fade atual das demais v\u00edtimas.<\/p>\n\n\n\n<h1 class=\"wp-block-heading\">\ud835\ude68\ud835\ude5c\ud835\ude6b\ud835\ude56\ud835\ude5e\ud835\ude62\ud835\ude6a\ud835\ude59\ud835\ude56\ud835\ude67<\/h1>\n\n\n\n<p>\ud835\udc76 \ud835\udc8e\ud835\udc82\ud835\udc8a\ud835\udc90\ud835\udc93 \ud835\udc77\ud835\udc90\ud835\udc93\ud835\udc95\ud835\udc82\ud835\udc8d \ud835\udc85\ud835\udc86 \ud835\udc8f\ud835\udc90\ud835\udc95\ud835\udc8a\u0301\ud835\udc84\ud835\udc8a\ud835\udc82\ud835\udc94 \ud835\udc85\ud835\udc82 \ud835\udc84\ud835\udc8a\ud835\udc85\ud835\udc82\ud835\udc85\ud835\udc86.<\/p>\n","protected":false},"excerpt":{"rendered":"<p>No in\u00edcio da manh\u00e3 deste s\u00e1bado (25), um capotamento no km 300,2 da rodovia BR-101, em S\u00e3o Gon\u00e7alo, sentido Esp\u00edrito&hellip;<\/p>\n","protected":false},"author":2,"featured_media":4026,"comment_status":"open","ping_status":"open","sticky":false,"template":"","format":"standard","meta":{"fifu_image_url":"","fifu_image_alt":"","footnotes":""},"categories":[3],"tags":[],"class_list":["post-4025","post","type-post","status-publish","format-standard","has-post-thumbnail","hentry","category-sao-goncalo"],"_links":{"self":[{"href":"https:\/\/sgvaimudar.com.br\/index.php\/wp-json\/wp\/v2\/posts\/4025","targetHints":{"allow":["GET"]}}],"collection":[{"href":"https:\/\/sgvaimudar.com.br\/index.php\/wp-json\/wp\/v2\/posts"}],"about":[{"href":"https:\/\/sgvaimudar.com.br\/index.php\/wp-json\/wp\/v2\/types\/post"}],"author":[{"embeddable":true,"href":"https:\/\/sgvaimudar.com.br\/index.php\/wp-json\/wp\/v2\/users\/2"}],"replies":[{"embeddable":true,"href":"https:\/\/sgvaimudar.com.br\/index.php\/wp-json\/wp\/v2\/comments?post=4025"}],"version-history":[{"count":1,"href":"https:\/\/sgvaimudar.com.br\/index.php\/wp-json\/wp\/v2\/posts\/4025\/revisions"}],"predecessor-version":[{"id":4027,"href":"https:\/\/sgvaimudar.com.br\/index.php\/wp-json\/wp\/v2\/posts\/4025\/revisions\/4027"}],"wp:featuredmedia":[{"embeddable":true,"href":"https:\/\/sgvaimudar.com.br\/index.php\/wp-json\/wp\/v2\/media\/4026"}],"wp:attachment":[{"href":"https:\/\/sgvaimudar.com.br\/index.php\/wp-json\/wp\/v2\/media?parent=4025"}],"wp:term":[{"taxonomy":"category","embeddable":true,"href":"https:\/\/sgvaimudar.com.br\/index.php\/wp-json\/wp\/v2\/categories?post=4025"},{"taxonomy":"post_tag","embeddable":true,"href":"https:\/\/sgvaimudar.com.br\/index.php\/wp-json\/wp\/v2\/tags?post=4025"}],"curies":[{"name":"wp","href":"https:\/\/api.w.org\/{rel}","templated":true}]}}