{"id":4022,"date":"2023-11-26T19:28:53","date_gmt":"2023-11-26T22:28:53","guid":{"rendered":"https:\/\/sgvaimudar.com.br\/?p=4022"},"modified":"2023-11-26T19:28:54","modified_gmt":"2023-11-26T22:28:54","slug":"caso-joao-pedro-justica-vai-ouvir-policiais-acusados-do-assassinato","status":"publish","type":"post","link":"https:\/\/sgvaimudar.com.br\/index.php\/2023\/11\/26\/caso-joao-pedro-justica-vai-ouvir-policiais-acusados-do-assassinato\/","title":{"rendered":"Caso Jo\u00e3o Pedro: Justi\u00e7a vai ouvir policiais acusados do assassinato"},"content":{"rendered":"\n<p>A Justi\u00e7a deve ouvir pela segunda vez, na pr\u00f3xima segunda-feira (27), os tr\u00eas policiais civis da Coordenadoria de Recursos Especiais (Core) indiciados pelo assassinato de Jo\u00e3o Pedro, ent\u00e3o com 14 anos. Ele foi morto com um tiro de fuzil, durante opera\u00e7\u00e3o conjunta das pol\u00edcias Civil e Federal no Complexo do Salgueiro, em S\u00e3o Gon\u00e7alo no dia 18 de maio de 2020.<\/p>\n\n\n\n<p>A audi\u00eancia ser\u00e1 no F\u00f3rum de Alc\u00e2ntara Ju\u00edza Patr\u00edcia, em S\u00e3o Gon\u00e7alo, a partir das 14h. Os tr\u00eas policiais chegaram a ser ouvidos em audi\u00eancia realizada no dia 13 de setembro, que acabou anulada por conta de um pedido de revis\u00e3o feito pela defesa e acatado pela ju\u00edza, o que desconsiderou os depoimentos da sexta audi\u00eancia. Assim, essa ser\u00e1 a s\u00e9tima audi\u00eancia judicial de instru\u00e7\u00e3o processual do caso.<\/p>\n\n\n\n<p>O Minist\u00e9rio P\u00fablico do Rio de Janeiro denunciou os tr\u00eas policiais por homic\u00eddio e fraude processual. A primeira audi\u00eancia ocorreu em setembro de 2022, dois anos ap\u00f3s o crime, quando sete testemunhas de acusa\u00e7\u00e3o foram ouvidas. Na segunda audi\u00eancia, estiveram presentes mais duas testemunhas de acusa\u00e7\u00e3o.<\/p>\n\n\n\n<p>Na terceira, quatro policiais federais falaram. Na quarta e na quinta, foi a vez de testemunhas de defesa e acusa\u00e7\u00e3o serem ouvidas, incluindo delegados da Pol\u00edcia Civil respons\u00e1veis pela per\u00edcia e pela investiga\u00e7\u00e3o do crime.<\/p>\n\n\n\n<p>A expectativa, ap\u00f3s o fim desse processo, \u00e9 que o Minist\u00e9rio P\u00fablico apresente os argumentos finais, assim como a defesa, cabendo \u00e0 ju\u00edza a decis\u00e3o dos pr\u00f3ximos passos. A expectativa da fam\u00edlia \u00e9 que at\u00e9 o in\u00edcio do ano que vem a Justi\u00e7a levo os tr\u00eas r\u00e9us a j\u00fari popular.<\/p>\n\n\n\n<p>Jo\u00e3o Pedro Mattos Pinto, de 14 anos, foi morto durante uma opera\u00e7\u00e3o conjunta das pol\u00edcias Federal e Civil no Complexo de favelas do Salgueiro, em S\u00e3o Gon\u00e7alo. Jo\u00e3o brincava em casa com amigos quando, segundo familiares, policiais entraram atirando. O menino foi atingido por um disparo de fuzil na barriga e socorrido de helic\u00f3ptero, mas n\u00e3o resistiu aos ferimentos.<\/p>\n\n\n\n<h1 class=\"wp-block-heading\">\ud835\ude68\ud835\ude5c\ud835\ude6b\ud835\ude56\ud835\ude5e\ud835\ude62\ud835\ude6a\ud835\ude59\ud835\ude56\ud835\ude67<\/h1>\n\n\n\n<p>\ud835\udc76 \ud835\udc8e\ud835\udc82\ud835\udc8a\ud835\udc90\ud835\udc93 \ud835\udc77\ud835\udc90\ud835\udc93\ud835\udc95\ud835\udc82\ud835\udc8d \ud835\udc85\ud835\udc86 \ud835\udc8f\ud835\udc90\ud835\udc95\ud835\udc8a\u0301\ud835\udc84\ud835\udc8a\ud835\udc82\ud835\udc94 \ud835\udc85\ud835\udc82 \ud835\udc84\ud835\udc8a\ud835\udc85\ud835\udc82\ud835\udc85\ud835\udc86.<\/p>\n","protected":false},"excerpt":{"rendered":"<p>A Justi\u00e7a deve ouvir pela segunda vez, na pr\u00f3xima segunda-feira (27), os tr\u00eas policiais civis da Coordenadoria de Recursos Especiais&hellip;<\/p>\n","protected":false},"author":2,"featured_media":4023,"comment_status":"open","ping_status":"open","sticky":false,"template":"","format":"standard","meta":{"fifu_image_url":"","fifu_image_alt":"","footnotes":""},"categories":[32],"tags":[],"class_list":["post-4022","post","type-post","status-publish","format-standard","has-post-thumbnail","hentry","category-casos-de-policia"],"_links":{"self":[{"href":"https:\/\/sgvaimudar.com.br\/index.php\/wp-json\/wp\/v2\/posts\/4022","targetHints":{"allow":["GET"]}}],"collection":[{"href":"https:\/\/sgvaimudar.com.br\/index.php\/wp-json\/wp\/v2\/posts"}],"about":[{"href":"https:\/\/sgvaimudar.com.br\/index.php\/wp-json\/wp\/v2\/types\/post"}],"author":[{"embeddable":true,"href":"https:\/\/sgvaimudar.com.br\/index.php\/wp-json\/wp\/v2\/users\/2"}],"replies":[{"embeddable":true,"href":"https:\/\/sgvaimudar.com.br\/index.php\/wp-json\/wp\/v2\/comments?post=4022"}],"version-history":[{"count":1,"href":"https:\/\/sgvaimudar.com.br\/index.php\/wp-json\/wp\/v2\/posts\/4022\/revisions"}],"predecessor-version":[{"id":4024,"href":"https:\/\/sgvaimudar.com.br\/index.php\/wp-json\/wp\/v2\/posts\/4022\/revisions\/4024"}],"wp:featuredmedia":[{"embeddable":true,"href":"https:\/\/sgvaimudar.com.br\/index.php\/wp-json\/wp\/v2\/media\/4023"}],"wp:attachment":[{"href":"https:\/\/sgvaimudar.com.br\/index.php\/wp-json\/wp\/v2\/media?parent=4022"}],"wp:term":[{"taxonomy":"category","embeddable":true,"href":"https:\/\/sgvaimudar.com.br\/index.php\/wp-json\/wp\/v2\/categories?post=4022"},{"taxonomy":"post_tag","embeddable":true,"href":"https:\/\/sgvaimudar.com.br\/index.php\/wp-json\/wp\/v2\/tags?post=4022"}],"curies":[{"name":"wp","href":"https:\/\/api.w.org\/{rel}","templated":true}]}}