{"id":4010,"date":"2023-11-23T16:49:11","date_gmt":"2023-11-23T19:49:11","guid":{"rendered":"https:\/\/sgvaimudar.com.br\/?p=4010"},"modified":"2023-11-23T16:49:11","modified_gmt":"2023-11-23T19:49:11","slug":"pacientes-relatam-demora-no-atendimento-da-upa-de-inoa","status":"publish","type":"post","link":"https:\/\/sgvaimudar.com.br\/index.php\/2023\/11\/23\/pacientes-relatam-demora-no-atendimento-da-upa-de-inoa\/","title":{"rendered":"Pacientes relatam demora no atendimento da UPA de Ino\u00e3"},"content":{"rendered":"\n<p>Pacientes expressam insatisfa\u00e7\u00e3o devido \u00e0 demora no atendimento na Unidade de Pronto Atendimento (UPA) de Ino\u00e3, em Maric\u00e1.<\/p>\n\n\n\n<p>Relatos desta quarta-feira (22) indicam que aqueles que precisavam de cuidados de emerg\u00eancia enfrentaram esperas de at\u00e9 quatro horas para consultar um m\u00e9dico.<\/p>\n\n\n\n<p>Em determinado momento, apesar da unidade n\u00e3o estar lotada, apenas um m\u00e9dico estava dispon\u00edvel para atender dezenas de pacientes, resultando em lentid\u00e3o e prolongando o tempo de espera.<\/p>\n\n\n\n<p>Uma paciente afirmou: &#8220;O tempo de espera na UPA de Ino\u00e3 para atendimento de emerg\u00eancia est\u00e1 chegando a 4\/5 horas. N\u00e3o h\u00e1 muitas pessoas. O servi\u00e7o est\u00e1 demorado.&#8221;<\/p>\n\n\n\n<p>Outra paciente acrescentou: &#8220;H\u00e1 pessoas sem atendimento desde as 11h30, outras desde 13h00, e at\u00e9 mesmo quem chegou agora \u00e0s 16h, com apenas um m\u00e9dico realizando atendimentos.&#8221;<\/p>\n\n\n\n<h1 class=\"wp-block-heading\">\ud835\ude68\ud835\ude5c\ud835\ude6b\ud835\ude56\ud835\ude5e\ud835\ude62\ud835\ude6a\ud835\ude59\ud835\ude56\ud835\ude67<\/h1>\n\n\n\n<p>\ud835\udc76 \ud835\udc8e\ud835\udc82\ud835\udc8a\ud835\udc90\ud835\udc93 \ud835\udc77\ud835\udc90\ud835\udc93\ud835\udc95\ud835\udc82\ud835\udc8d \ud835\udc85\ud835\udc86 \ud835\udc8f\ud835\udc90\ud835\udc95\ud835\udc8a\ud835\udc84\ud835\udc8a\ud835\udc82\ud835\udc94 \ud835\udc85\ud835\udc82 \ud835\udc84\ud835\udc8a\ud835\udc85\ud835\udc82\ud835\udc85\ud835\udc86.<\/p>\n","protected":false},"excerpt":{"rendered":"<p>Pacientes expressam insatisfa\u00e7\u00e3o devido \u00e0 demora no atendimento na Unidade de Pronto Atendimento (UPA) de Ino\u00e3, em Maric\u00e1. Relatos desta&hellip;<\/p>\n","protected":false},"author":2,"featured_media":4011,"comment_status":"open","ping_status":"open","sticky":false,"template":"","format":"standard","meta":{"fifu_image_url":"","fifu_image_alt":"","footnotes":""},"categories":[7],"tags":[],"class_list":["post-4010","post","type-post","status-publish","format-standard","has-post-thumbnail","hentry","category-saude"],"_links":{"self":[{"href":"https:\/\/sgvaimudar.com.br\/index.php\/wp-json\/wp\/v2\/posts\/4010","targetHints":{"allow":["GET"]}}],"collection":[{"href":"https:\/\/sgvaimudar.com.br\/index.php\/wp-json\/wp\/v2\/posts"}],"about":[{"href":"https:\/\/sgvaimudar.com.br\/index.php\/wp-json\/wp\/v2\/types\/post"}],"author":[{"embeddable":true,"href":"https:\/\/sgvaimudar.com.br\/index.php\/wp-json\/wp\/v2\/users\/2"}],"replies":[{"embeddable":true,"href":"https:\/\/sgvaimudar.com.br\/index.php\/wp-json\/wp\/v2\/comments?post=4010"}],"version-history":[{"count":1,"href":"https:\/\/sgvaimudar.com.br\/index.php\/wp-json\/wp\/v2\/posts\/4010\/revisions"}],"predecessor-version":[{"id":4012,"href":"https:\/\/sgvaimudar.com.br\/index.php\/wp-json\/wp\/v2\/posts\/4010\/revisions\/4012"}],"wp:featuredmedia":[{"embeddable":true,"href":"https:\/\/sgvaimudar.com.br\/index.php\/wp-json\/wp\/v2\/media\/4011"}],"wp:attachment":[{"href":"https:\/\/sgvaimudar.com.br\/index.php\/wp-json\/wp\/v2\/media?parent=4010"}],"wp:term":[{"taxonomy":"category","embeddable":true,"href":"https:\/\/sgvaimudar.com.br\/index.php\/wp-json\/wp\/v2\/categories?post=4010"},{"taxonomy":"post_tag","embeddable":true,"href":"https:\/\/sgvaimudar.com.br\/index.php\/wp-json\/wp\/v2\/tags?post=4010"}],"curies":[{"name":"wp","href":"https:\/\/api.w.org\/{rel}","templated":true}]}}