{"id":3988,"date":"2023-11-21T15:05:30","date_gmt":"2023-11-21T18:05:30","guid":{"rendered":"https:\/\/sgvaimudar.com.br\/?p=3988"},"modified":"2023-11-21T15:05:31","modified_gmt":"2023-11-21T18:05:31","slug":"idosos-moradores-do-centro-de-sao-goncalo-fecham-rua-em-protesto-contra-a-enel","status":"publish","type":"post","link":"https:\/\/sgvaimudar.com.br\/index.php\/2023\/11\/21\/idosos-moradores-do-centro-de-sao-goncalo-fecham-rua-em-protesto-contra-a-enel\/","title":{"rendered":"Idosos moradores do Centro de S\u00e3o Gon\u00e7alo, fecham rua em protesto contra a Enel"},"content":{"rendered":"\n<p>Um grupo de 25 moradores de uma vila na Avenida Presidente Kennedy, no Centro de S\u00e3o Gon\u00e7alo, interrompeu uma pista da via na manh\u00e3 desta ter\u00e7a-feira, 21, em protesto contra a concession\u00e1ria Enel. Eles est\u00e3o sem energia el\u00e9trica h\u00e1 quatro dias, e a empresa n\u00e3o prestou nenhum esclarecimento at\u00e9 o momento.<\/p>\n\n\n\n<p>&#8220;Somos 24 resid\u00eancias em uma vila, a maioria composta por idosos, com idades entre 70 e 90 anos. Algumas pessoas perderam alimentos na geladeira, incluindo insulina para diab\u00e9ticos, um medicamento que precisamos comprar. N\u00e3o toleramos mais essa neglig\u00eancia da Enel. Demonstramos nosso descontentamento jogando lixo na rua como forma de protesto. At\u00e9 persuadimos o motorista do caminh\u00e3o da concession\u00e1ria a nos permitir usar o ve\u00edculo como barricada. Inclusive, a Pol\u00edcia Militar, ao perceber que somos todos idosos, mostrou solidariedade&#8221;, relatou Edson Rocha, morador da vila e um dos organizadores do protesto.<\/p>\n\n\n\n<p>Edson afirmou que o protesto recebeu apoio dos comerciantes locais, muitos dos quais enfrentam preju\u00edzos devido \u00e0 falta de energia. No entanto, o caminh\u00e3o da concession\u00e1ria n\u00e3o estava equipado para reparar um dispositivo que desarmou e est\u00e1 localizado em um ponto elevado, logo abaixo do transformador.<\/p>\n\n\n\n<p>Os moradores planejam acionar a Justi\u00e7a contra a Enel para serem ressarcidos pelos danos. &#8220;Contamos com um contador e um advogado entre os moradores que nos ajudar\u00e3o nesse processo&#8221;, afirmou Edson.<\/p>\n\n\n\n<p>Procurada, a concession\u00e1ria enviou a seguinte nota:<\/p>\n\n\n\n<p>&#8220;A Enel Distribui\u00e7\u00e3o Rio expressa solidariedade a todos os clientes que ficaram sem energia nos \u00faltimos dias. A empresa informa que 97% dos clientes afetados pela tempestade registrada na noite de s\u00e1bado (18\/11) tiveram o servi\u00e7o restabelecido. O evento clim\u00e1tico causou danos severos \u00e0 rede el\u00e9trica em v\u00e1rias cidades fluminenses, interrompendo o fornecimento de energia.<\/p>\n\n\n\n<p>A empresa mobilizou cerca de 900 equipes para acelerar o atendimento, principalmente nas cidades mais afetadas, como Niter\u00f3i, S\u00e3o Gon\u00e7alo, Maric\u00e1 e Petr\u00f3polis. Houve colabora\u00e7\u00e3o com as prefeituras locais para uma atua\u00e7\u00e3o conjunta em tempo real, priorizando casos urgentes e garantindo a seguran\u00e7a dos colaboradores.<\/p>\n\n\n\n<p>A Enel destaca que os atendimentos em curso s\u00e3o localizados e complexos, exigindo reconstru\u00e7\u00e3o da rede el\u00e9trica. O restabelecimento ocorre de forma gradual, dadas as emerg\u00eancias espec\u00edficas em diferentes pontos.<\/p>\n\n\n\n<p>*N\u00fameros destacam os estragos na rede el\u00e9trica e esfor\u00e7os de reconstru\u00e7\u00e3o:<\/p>\n\n\n\n<ul class=\"wp-block-list\">\n<li>Mais de 100 postes e 50 transformadores substitu\u00eddos;<\/li>\n\n\n\n<li>Substitui\u00e7\u00e3o de 50 mil equipamentos, incluindo mais de 11 mil conectores necess\u00e1rios para repara\u00e7\u00e3o de cabos danificados.&#8221;<\/li>\n<\/ul>\n\n\n\n<h1 class=\"wp-block-heading\">\ud835\ude68\ud835\ude5c\ud835\ude6b\ud835\ude56\ud835\ude5e\ud835\ude62\ud835\ude6a\ud835\ude59\ud835\ude56\ud835\ude67<\/h1>\n\n\n\n<p>\ud835\udc76 \ud835\udc8e\ud835\udc82\ud835\udc8a\ud835\udc90\ud835\udc93 \ud835\udc77\ud835\udc90\ud835\udc93\ud835\udc95\ud835\udc82\ud835\udc8d \ud835\udc85\ud835\udc86 \ud835\udc8f\ud835\udc90\ud835\udc95\ud835\udc8a\ud835\udc84\ud835\udc8a\ud835\udc82\ud835\udc94 \ud835\udc85\ud835\udc82 \ud835\udc84\ud835\udc8a\ud835\udc85\ud835\udc82\ud835\udc85\ud835\udc86.<\/p>\n","protected":false},"excerpt":{"rendered":"<p>Um grupo de 25 moradores de uma vila na Avenida Presidente Kennedy, no Centro de S\u00e3o Gon\u00e7alo, interrompeu uma pista&hellip;<\/p>\n","protected":false},"author":2,"featured_media":3989,"comment_status":"open","ping_status":"open","sticky":false,"template":"","format":"standard","meta":{"fifu_image_url":"","fifu_image_alt":"","footnotes":""},"categories":[3],"tags":[],"class_list":["post-3988","post","type-post","status-publish","format-standard","has-post-thumbnail","hentry","category-sao-goncalo"],"_links":{"self":[{"href":"https:\/\/sgvaimudar.com.br\/index.php\/wp-json\/wp\/v2\/posts\/3988","targetHints":{"allow":["GET"]}}],"collection":[{"href":"https:\/\/sgvaimudar.com.br\/index.php\/wp-json\/wp\/v2\/posts"}],"about":[{"href":"https:\/\/sgvaimudar.com.br\/index.php\/wp-json\/wp\/v2\/types\/post"}],"author":[{"embeddable":true,"href":"https:\/\/sgvaimudar.com.br\/index.php\/wp-json\/wp\/v2\/users\/2"}],"replies":[{"embeddable":true,"href":"https:\/\/sgvaimudar.com.br\/index.php\/wp-json\/wp\/v2\/comments?post=3988"}],"version-history":[{"count":1,"href":"https:\/\/sgvaimudar.com.br\/index.php\/wp-json\/wp\/v2\/posts\/3988\/revisions"}],"predecessor-version":[{"id":3990,"href":"https:\/\/sgvaimudar.com.br\/index.php\/wp-json\/wp\/v2\/posts\/3988\/revisions\/3990"}],"wp:featuredmedia":[{"embeddable":true,"href":"https:\/\/sgvaimudar.com.br\/index.php\/wp-json\/wp\/v2\/media\/3989"}],"wp:attachment":[{"href":"https:\/\/sgvaimudar.com.br\/index.php\/wp-json\/wp\/v2\/media?parent=3988"}],"wp:term":[{"taxonomy":"category","embeddable":true,"href":"https:\/\/sgvaimudar.com.br\/index.php\/wp-json\/wp\/v2\/categories?post=3988"},{"taxonomy":"post_tag","embeddable":true,"href":"https:\/\/sgvaimudar.com.br\/index.php\/wp-json\/wp\/v2\/tags?post=3988"}],"curies":[{"name":"wp","href":"https:\/\/api.w.org\/{rel}","templated":true}]}}