{"id":3965,"date":"2023-11-17T17:51:38","date_gmt":"2023-11-17T20:51:38","guid":{"rendered":"https:\/\/sgvaimudar.com.br\/?p=3965"},"modified":"2023-11-17T17:51:38","modified_gmt":"2023-11-17T20:51:38","slug":"recem-nascida-e-encontrada-abandonada-dentro-de-caixa-de-papelao-em-sao-pedro-da-aldeia","status":"publish","type":"post","link":"https:\/\/sgvaimudar.com.br\/index.php\/2023\/11\/17\/recem-nascida-e-encontrada-abandonada-dentro-de-caixa-de-papelao-em-sao-pedro-da-aldeia\/","title":{"rendered":"Rec\u00e9m-nascida \u00e9 encontrada abandonada dentro de caixa de papel\u00e3o em S\u00e3o Pedro da Aldeia"},"content":{"rendered":"\n<p>Um beb\u00ea rec\u00e9m-nascido foi encontrado aband4nado dentro de uma caixa na manh\u00e3 desta sexta-feira (17) no bairro Porto do Carro, em S\u00e3o Pedro da Aldeia, na Regi\u00e3o dos Lagos do Rio. Moradores da Estrada do Alecrim acionaram o Corpo de Bombeiros por volta das 7h.<\/p>\n\n\n\n<p>A crian\u00e7a foi encaminhada para o Hospital Maternidade Miss\u00e3o S\u00e3o Pedro da Aldeia.<\/p>\n\n\n\n<p>A assistente social da unidade disse que a crian\u00e7a \u00e9 uma menina, que j\u00e1 passou por ex6mes e est\u00e1 bem. O Conselho Tutelar j\u00e1 foi acionado.<\/p>\n\n\n\n<p>Segundo a Pol\u00edcia Militar, a caixa de papel\u00e3o onde a crian\u00e7a foi encontrada estava no terreno de uma resid\u00eancia, e, no momento em que os agentes estavam no local, o propriet\u00e1rio do im\u00f3vel apareceu acompanhado da filha, que aparentava nervosismo e chorava, mas n\u00e3o confirmou se a crian\u00e7a era dela.<\/p>\n\n\n\n<p>Os dois foram conduzidos para maiores esclarecimentos \u00e0 125\u00aa Delegacia de Pol\u00edcia de S\u00e3o Pedro da Aldeia, onde o caso foi registrado.<\/p>\n\n\n\n<h1 class=\"wp-block-heading\">\ud835\ude68\ud835\ude5c\ud835\ude6b\ud835\ude56\ud835\ude5e\ud835\ude62\ud835\ude6a\ud835\ude59\ud835\ude56\ud835\ude67<\/h1>\n\n\n\n<p>\ud835\udc76 \ud835\udc8e\ud835\udc82\ud835\udc8a\ud835\udc90\ud835\udc93 \ud835\udc77\ud835\udc90\ud835\udc93\ud835\udc95\ud835\udc82\ud835\udc8d \ud835\udc85\ud835\udc86 \ud835\udc8f\ud835\udc90\ud835\udc95\ud835\udc8a\u0301\ud835\udc84\ud835\udc8a\ud835\udc82\ud835\udc94 \ud835\udc85\ud835\udc82 \ud835\udc84\ud835\udc8a\ud835\udc85\ud835\udc82\ud835\udc85\ud835\udc86.<\/p>\n","protected":false},"excerpt":{"rendered":"<p>Um beb\u00ea rec\u00e9m-nascido foi encontrado aband4nado dentro de uma caixa na manh\u00e3 desta sexta-feira (17) no bairro Porto do Carro,&hellip;<\/p>\n","protected":false},"author":2,"featured_media":3966,"comment_status":"open","ping_status":"open","sticky":false,"template":"","format":"standard","meta":{"fifu_image_url":"","fifu_image_alt":"","footnotes":""},"categories":[32],"tags":[],"class_list":["post-3965","post","type-post","status-publish","format-standard","has-post-thumbnail","hentry","category-casos-de-policia"],"_links":{"self":[{"href":"https:\/\/sgvaimudar.com.br\/index.php\/wp-json\/wp\/v2\/posts\/3965","targetHints":{"allow":["GET"]}}],"collection":[{"href":"https:\/\/sgvaimudar.com.br\/index.php\/wp-json\/wp\/v2\/posts"}],"about":[{"href":"https:\/\/sgvaimudar.com.br\/index.php\/wp-json\/wp\/v2\/types\/post"}],"author":[{"embeddable":true,"href":"https:\/\/sgvaimudar.com.br\/index.php\/wp-json\/wp\/v2\/users\/2"}],"replies":[{"embeddable":true,"href":"https:\/\/sgvaimudar.com.br\/index.php\/wp-json\/wp\/v2\/comments?post=3965"}],"version-history":[{"count":1,"href":"https:\/\/sgvaimudar.com.br\/index.php\/wp-json\/wp\/v2\/posts\/3965\/revisions"}],"predecessor-version":[{"id":3967,"href":"https:\/\/sgvaimudar.com.br\/index.php\/wp-json\/wp\/v2\/posts\/3965\/revisions\/3967"}],"wp:featuredmedia":[{"embeddable":true,"href":"https:\/\/sgvaimudar.com.br\/index.php\/wp-json\/wp\/v2\/media\/3966"}],"wp:attachment":[{"href":"https:\/\/sgvaimudar.com.br\/index.php\/wp-json\/wp\/v2\/media?parent=3965"}],"wp:term":[{"taxonomy":"category","embeddable":true,"href":"https:\/\/sgvaimudar.com.br\/index.php\/wp-json\/wp\/v2\/categories?post=3965"},{"taxonomy":"post_tag","embeddable":true,"href":"https:\/\/sgvaimudar.com.br\/index.php\/wp-json\/wp\/v2\/tags?post=3965"}],"curies":[{"name":"wp","href":"https:\/\/api.w.org\/{rel}","templated":true}]}}