{"id":3962,"date":"2023-11-17T17:44:44","date_gmt":"2023-11-17T20:44:44","guid":{"rendered":"https:\/\/sgvaimudar.com.br\/?p=3962"},"modified":"2023-11-17T17:44:45","modified_gmt":"2023-11-17T20:44:45","slug":"morre-pm-condenado-a-14-anos-por-matar-ambulante-em-niteroi","status":"publish","type":"post","link":"https:\/\/sgvaimudar.com.br\/index.php\/2023\/11\/17\/morre-pm-condenado-a-14-anos-por-matar-ambulante-em-niteroi\/","title":{"rendered":"Morre PM condenado a 14 anos por matar ambulante em Niter\u00f3i"},"content":{"rendered":"\n<p>O ex-policial militar Carlos Arnaud Baldez Silva J\u00fanior, detido e sentenciado a 14 anos por matar um vendedor ambulante em frente \u00e0 esta\u00e7\u00e3o de barcas do Centro de Niter\u00f3i em fevereiro do ano passado, faleceu aos 53 anos na unidade prisional de Bangu, na Zona Oeste do Rio. Arnaud sofreu uma tromboembolia pulmonar em 3 de novembro, dez dias ap\u00f3s sua condena\u00e7\u00e3o pelo crime.<\/p>\n\n\n\n<p>As circunst\u00e2ncias da morte n\u00e3o foram detalhadas, e Arnaud foi encaminhado ao hospital penal, onde n\u00e3o resistiu ao problema. O sepultamento ocorreu no Cemit\u00e9rio de Iraj\u00e1, na Zona Norte do Rio.<\/p>\n\n\n\n<p>Uma semana antes de sua morte, em 24 de outubro, a ju\u00edza da 3\u00aa Vara Criminal de Niter\u00f3i, Nearis dos Santos Carvalho, condenou Carlos Arnaud a 14 anos de pris\u00e3o, inicialmente em regime fechado, por homic\u00eddio qualificado, ordenando tamb\u00e9m a perda de seu cargo como policial militar.<\/p>\n\n\n\n<p>Em fevereiro do ano passado, Arnaud atirou contra o vendedor ambulante Hyago Macedo de Oliveira Bastos, de 22 anos, na fila da esta\u00e7\u00e3o da CCR Barcas, na Pra\u00e7a Arariboia, no Centro. O PM, de folga, interveio em uma discuss\u00e3o entre Hyago e outra pessoa. A v\u00edtima, conforme registros das c\u00e2meras de seguran\u00e7a, n\u00e3o ofereceu resist\u00eancia.<\/p>\n\n\n\n<p>Al\u00e9m da condena\u00e7\u00e3o criminal, a fam\u00edlia de Hyago seguiu com um processo c\u00edvel contra o estado, buscando indeniza\u00e7\u00e3o. Com a morte do acusado, o processo continua contra o Estado, abordando quest\u00f5es do subconsciente e do racismo estrutural, conforme o advogado assistente da acusa\u00e7\u00e3o, S\u00e9rgio Fernandes, explicou.<\/p>\n\n\n\n<p>A vi\u00fava de Hyago, Thais Concei\u00e7\u00e3o, de 30 anos, enfrenta dificuldades ao lidar com a aus\u00eancia do marido. Ela acredita que o fato de Hyago ser negro pode ter influenciado o PM a atirar contra ele, expressando preocupa\u00e7\u00f5es sobre a justi\u00e7a para casos semelhantes.<\/p>\n\n\n\n<h1 class=\"wp-block-heading\">\ud835\ude68\ud835\ude5c\ud835\ude6b\ud835\ude56\ud835\ude5e\ud835\ude62\ud835\ude6a\ud835\ude59\ud835\ude56\ud835\ude67<\/h1>\n\n\n\n<p>\ud835\udc76 \ud835\udc8e\ud835\udc82\ud835\udc8a\ud835\udc90\ud835\udc93 \ud835\udc77\ud835\udc90\ud835\udc93\ud835\udc95\ud835\udc82\ud835\udc8d \ud835\udc85\ud835\udc86 \ud835\udc8f\ud835\udc90\ud835\udc95\ud835\udc8a\u0301\ud835\udc84\ud835\udc8a\ud835\udc82\ud835\udc94 \ud835\udc85\ud835\udc82 \ud835\udc84\ud835\udc8a\ud835\udc85\ud835\udc82\ud835\udc85\ud835\udc86.<\/p>\n","protected":false},"excerpt":{"rendered":"<p>O ex-policial militar Carlos Arnaud Baldez Silva J\u00fanior, detido e sentenciado a 14 anos por matar um vendedor ambulante em&hellip;<\/p>\n","protected":false},"author":2,"featured_media":3963,"comment_status":"open","ping_status":"open","sticky":false,"template":"","format":"standard","meta":{"fifu_image_url":"","fifu_image_alt":"","footnotes":""},"categories":[32],"tags":[],"class_list":["post-3962","post","type-post","status-publish","format-standard","has-post-thumbnail","hentry","category-casos-de-policia"],"_links":{"self":[{"href":"https:\/\/sgvaimudar.com.br\/index.php\/wp-json\/wp\/v2\/posts\/3962","targetHints":{"allow":["GET"]}}],"collection":[{"href":"https:\/\/sgvaimudar.com.br\/index.php\/wp-json\/wp\/v2\/posts"}],"about":[{"href":"https:\/\/sgvaimudar.com.br\/index.php\/wp-json\/wp\/v2\/types\/post"}],"author":[{"embeddable":true,"href":"https:\/\/sgvaimudar.com.br\/index.php\/wp-json\/wp\/v2\/users\/2"}],"replies":[{"embeddable":true,"href":"https:\/\/sgvaimudar.com.br\/index.php\/wp-json\/wp\/v2\/comments?post=3962"}],"version-history":[{"count":1,"href":"https:\/\/sgvaimudar.com.br\/index.php\/wp-json\/wp\/v2\/posts\/3962\/revisions"}],"predecessor-version":[{"id":3964,"href":"https:\/\/sgvaimudar.com.br\/index.php\/wp-json\/wp\/v2\/posts\/3962\/revisions\/3964"}],"wp:featuredmedia":[{"embeddable":true,"href":"https:\/\/sgvaimudar.com.br\/index.php\/wp-json\/wp\/v2\/media\/3963"}],"wp:attachment":[{"href":"https:\/\/sgvaimudar.com.br\/index.php\/wp-json\/wp\/v2\/media?parent=3962"}],"wp:term":[{"taxonomy":"category","embeddable":true,"href":"https:\/\/sgvaimudar.com.br\/index.php\/wp-json\/wp\/v2\/categories?post=3962"},{"taxonomy":"post_tag","embeddable":true,"href":"https:\/\/sgvaimudar.com.br\/index.php\/wp-json\/wp\/v2\/tags?post=3962"}],"curies":[{"name":"wp","href":"https:\/\/api.w.org\/{rel}","templated":true}]}}