{"id":3945,"date":"2023-11-15T18:53:10","date_gmt":"2023-11-15T21:53:10","guid":{"rendered":"https:\/\/sgvaimudar.com.br\/?p=3945"},"modified":"2023-11-15T18:53:11","modified_gmt":"2023-11-15T21:53:11","slug":"foi-irresponsabilidade-diz-avo-de-menino-morto-ao-ser-esquecido-em-van-escolar-por-motorista-e-auxiliar-em-sp","status":"publish","type":"post","link":"https:\/\/sgvaimudar.com.br\/index.php\/2023\/11\/15\/foi-irresponsabilidade-diz-avo-de-menino-morto-ao-ser-esquecido-em-van-escolar-por-motorista-e-auxiliar-em-sp\/","title":{"rendered":"&#8216;Foi irresponsabilidade&#8217;, diz av\u00f3 de menino morto ao ser esquecido em van escolar por motorista e auxiliar em SP"},"content":{"rendered":"\n<p>A av\u00f3 do menino de dois anos que morreu depois de ser esquecido em uma van escolar, na Zona Norte de S\u00e3o Paulo, afirmou que o motorista e a auxiliar costumavam checar em uma lista as crian\u00e7as que eram transportadas.<\/p>\n\n\n\n<p>O caso ocorreu na Vila Maria, nesta ter\u00e7a-feira (14). A Pol\u00edcia Civil prendeu os dois em flagrante por homic\u00eddio.<\/p>\n\n\n\n<p>\u00c0 TV Globo, Luzinete Rodrigues dos Santos detalhou que Apollo Gabriel Rodrigues foi colocado na van para ir \u00e0 creche por volta das 7h, mas n\u00e3o foi deixado na unidade. \u00c0 tarde, o menino deu entrada no Hospital Municipal Vereador Jos\u00e9 Storopolli, no Parque Novo Mundo, sem vida, por volta das 16h20.<\/p>\n\n\n\n<p>O boletim de ocorr\u00eancia do caso registrou que o motorista deixou as outras crian\u00e7as nas escolas e foi at\u00e9 um estacionamento, onde parou o ve\u00edculo.<\/p>\n\n\n\n<p>Horas depois, ele voltou e se deparou com Gabriel no banco, j\u00e1 desacordado. Uma auxiliar o ajudava durante o processo.<\/p>\n\n\n\n<p>&#8220;\ud835\udc6b\ud835\udc86\ud835\udc8a\ud835\udc99\ud835\udc90\ud835\udc96 \ud835\udc82 \ud835\udc91\ud835\udc86\ud835\udc93\ud835\udc96\ud835\udc82 \ud835\udc8f\ud835\udc90 \ud835\udc86\ud835\udc94\ud835\udc95\ud835\udc82\ud835\udc84\ud835\udc8a\ud835\udc90\ud835\udc8f\ud835\udc82\ud835\udc8e\ud835\udc86\ud835\udc8f\ud835\udc95\ud835\udc90, \ud835\udc8f\ud835\udc96\ud835\udc8e \ud835\udc84\ud835\udc82\ud835\udc8d\ud835\udc90\ud835\udc93 \ud835\udc95\ud835\udc86\ud835\udc93\ud835\udc93\ud835\udc8a\u0301\ud835\udc97\ud835\udc86\ud835\udc8d, \ud835\udc84\ud835\udc90\ud835\udc8e\ud835\udc90 \ud835\udc89\ud835\udc90\ud835\udc8b\ud835\udc86, \ud835\udc94\ud835\udc90\u0301 \ud835\udc87\ud835\udc90\ud835\udc8a \ud835\udc91\ud835\udc86\ud835\udc93\ud835\udc84\ud835\udc86\ud835\udc83\ud835\udc86\ud835\udc93 [\ud835\udc92\ud835\udc96\ud835\udc86 \ud835\udc90 \ud835\udc8e\ud835\udc86\ud835\udc8f\ud835\udc8a\ud835\udc8f\ud835\udc90 \ud835\udc82\ud835\udc8a\ud835\udc8f\ud835\udc85\ud835\udc82 \ud835\udc86\ud835\udc94\ud835\udc95\ud835\udc82\ud835\udc97\ud835\udc82 \ud835\udc82\ud835\udc95\ud835\udc93\ud835\udc82\u0301\ud835\udc94] \ud835\udc8f\ud835\udc82 \ud835\udc89\ud835\udc90\ud835\udc93\ud835\udc82 \ud835\udc85\ud835\udc86 \ud835\udc86\ud835\udc8f\ud835\udc95\ud835\udc93\ud835\udc86\ud835\udc88\ud835\udc82\ud835\udc93 \ud835\udc82\ud835\udc94 \ud835\udc84\ud835\udc93\ud835\udc8a\ud835\udc82\ud835\udc8f\ud835\udc84\u0327\ud835\udc82\ud835\udc94. \ud835\udc6c\ud835\udc8d\ud835\udc86\ud835\udc94 \ud835\udc8f\ud835\udc82\u0303\ud835\udc90 \ud835\udc95\ud835\udc8a\ud835\udc97\ud835\udc86\ud835\udc93\ud835\udc82\ud835\udc8e \ud835\udc84\ud835\udc96\ud835\udc8d\ud835\udc91\ud835\udc82, \ud835\udc8e\ud835\udc82\ud835\udc94 \ud835\udc87\ud835\udc90\ud835\udc8a \ud835\udc8a\ud835\udc93\ud835\udc93\ud835\udc86\ud835\udc94\ud835\udc91\ud835\udc90\ud835\udc8f\ud835\udc94\ud835\udc82\ud835\udc83\ud835\udc8a\ud835\udc8d\ud835\udc8a\ud835\udc85\ud835\udc82\ud835\udc85\ud835\udc86. \ud835\udc74\ud835\udc8a\ud835\udc8f\ud835\udc89\ud835\udc82 \ud835\udc87\ud835\udc8a\ud835\udc8d\ud835\udc89\ud835\udc82 \ud835\udc92\ud835\udc96\ud835\udc86\ud835\udc93 \ud835\udc71\ud835\udc96\ud835\udc94\ud835\udc95\ud835\udc8a\ud835\udc84\u0327\ud835\udc82. \ud835\udc78\ud835\udc96\ud835\udc86\ud835\udc8e \ud835\udc84\ud835\udc96\ud835\udc8a\ud835\udc85\ud835\udc82 \ud835\udc85\ud835\udc86 \ud835\udc84\ud835\udc93\ud835\udc8a\ud835\udc82\ud835\udc8f\ud835\udc84\u0327\ud835\udc82 \ud835\udc95\ud835\udc86\ud835\udc8e \ud835\udc92\ud835\udc96\ud835\udc86 \ud835\udc95\ud835\udc86\ud835\udc93 \ud835\udc90 \ud835\udc8e\ud835\udc82\u0301\ud835\udc99\ud835\udc8a\ud835\udc8e\ud835\udc90 \ud835\udc85\ud835\udc86 \ud835\udc93\ud835\udc86\ud835\udc94\ud835\udc91\ud835\udc90\ud835\udc8f\ud835\udc94\ud835\udc82\ud835\udc83\ud835\udc8a\ud835\udc8d\ud835\udc8a\ud835\udc85\ud835\udc82\ud835\udc85\ud835\udc86&#8221;, \ud835\udc85\ud835\udc8a\ud835\udc94\ud835\udc94\ud835\udc86 \ud835\udc82 \ud835\udc82\ud835\udc97\ud835\udc90\u0301.<\/p>\n\n\n\n<p>A suspeita da pol\u00edcia \u00e9 de que o menino morreu por conta do calor. Segundo o Instituto Nacional de Meteorologia (Inmet), os term\u00f4metros registraram 37,7\u00b0C nesta ter\u00e7a, sendo o segundo dia mais quente da hist\u00f3ria das medi\u00e7\u00f5es feitas pelo Inmet. Por\u00e9m, o laudo ir\u00e1 apontar a causa da morte.<\/p>\n\n\n\n<p>O boletim de ocorr\u00eancia aponta ainda que o motorista e a auxiliar encontraram o menino na cadeirinha j\u00e1 ca\u00eddo no pen\u00faltimo banco.<\/p>\n\n\n\n<p>Em seguida, eles foram at\u00e9 a creche, falaram com a respons\u00e1vel do local e seguiram ao hospital no bairro Parque Novo Mundo com a crian\u00e7a desmaiada. A morte foi confirmada pelos m\u00e9dicos.<\/p>\n\n\n\n<h1 class=\"wp-block-heading\">\ud835\ude68\ud835\ude5c\ud835\ude6b\ud835\ude56\ud835\ude5e\ud835\ude62\ud835\ude6a\ud835\ude59\ud835\ude56\ud835\ude67<\/h1>\n\n\n\n<p>\ud835\udc76 \ud835\udc8e\ud835\udc82\ud835\udc8a\ud835\udc90\ud835\udc93 \ud835\udc77\ud835\udc90\ud835\udc93\ud835\udc95\ud835\udc82\ud835\udc8d \ud835\udc85\ud835\udc86 \ud835\udc8f\ud835\udc90\ud835\udc95\ud835\udc8a\ud835\udc84\ud835\udc8a\ud835\udc82\ud835\udc94 \ud835\udc85\ud835\udc82 \ud835\udc84\ud835\udc8a\ud835\udc85\ud835\udc82\ud835\udc85\ud835\udc86.<\/p>\n","protected":false},"excerpt":{"rendered":"<p>A av\u00f3 do menino de dois anos que morreu depois de ser esquecido em uma van escolar, na Zona Norte&hellip;<\/p>\n","protected":false},"author":2,"featured_media":3946,"comment_status":"open","ping_status":"open","sticky":false,"template":"","format":"standard","meta":{"fifu_image_url":"","fifu_image_alt":"","footnotes":""},"categories":[32],"tags":[],"class_list":["post-3945","post","type-post","status-publish","format-standard","has-post-thumbnail","hentry","category-casos-de-policia"],"_links":{"self":[{"href":"https:\/\/sgvaimudar.com.br\/index.php\/wp-json\/wp\/v2\/posts\/3945","targetHints":{"allow":["GET"]}}],"collection":[{"href":"https:\/\/sgvaimudar.com.br\/index.php\/wp-json\/wp\/v2\/posts"}],"about":[{"href":"https:\/\/sgvaimudar.com.br\/index.php\/wp-json\/wp\/v2\/types\/post"}],"author":[{"embeddable":true,"href":"https:\/\/sgvaimudar.com.br\/index.php\/wp-json\/wp\/v2\/users\/2"}],"replies":[{"embeddable":true,"href":"https:\/\/sgvaimudar.com.br\/index.php\/wp-json\/wp\/v2\/comments?post=3945"}],"version-history":[{"count":1,"href":"https:\/\/sgvaimudar.com.br\/index.php\/wp-json\/wp\/v2\/posts\/3945\/revisions"}],"predecessor-version":[{"id":3947,"href":"https:\/\/sgvaimudar.com.br\/index.php\/wp-json\/wp\/v2\/posts\/3945\/revisions\/3947"}],"wp:featuredmedia":[{"embeddable":true,"href":"https:\/\/sgvaimudar.com.br\/index.php\/wp-json\/wp\/v2\/media\/3946"}],"wp:attachment":[{"href":"https:\/\/sgvaimudar.com.br\/index.php\/wp-json\/wp\/v2\/media?parent=3945"}],"wp:term":[{"taxonomy":"category","embeddable":true,"href":"https:\/\/sgvaimudar.com.br\/index.php\/wp-json\/wp\/v2\/categories?post=3945"},{"taxonomy":"post_tag","embeddable":true,"href":"https:\/\/sgvaimudar.com.br\/index.php\/wp-json\/wp\/v2\/tags?post=3945"}],"curies":[{"name":"wp","href":"https:\/\/api.w.org\/{rel}","templated":true}]}}