{"id":3912,"date":"2023-11-08T21:53:04","date_gmt":"2023-11-09T00:53:04","guid":{"rendered":"https:\/\/sgvaimudar.com.br\/?p=3912"},"modified":"2023-11-08T21:53:05","modified_gmt":"2023-11-09T00:53:05","slug":"ex-tenente-coronel-condenado-a-36-anos-pela-morte-da-juiza-patricia-acioli-vai-para-prisao-domiciliar","status":"publish","type":"post","link":"https:\/\/sgvaimudar.com.br\/index.php\/2023\/11\/08\/ex-tenente-coronel-condenado-a-36-anos-pela-morte-da-juiza-patricia-acioli-vai-para-prisao-domiciliar\/","title":{"rendered":"Ex-tenente-coronel condenado a 36 anos pela morte da ju\u00edza Patr\u00edcia Acioli vai para pris\u00e3o domiciliar"},"content":{"rendered":"\n<p>O ex-tenente-coronel da Pol\u00edcia Militar Cl\u00e1udio Luiz de Oliveira, condenado a 36 anos de pris\u00e3o pela morte da ju\u00edza Patr\u00edcia Acioli, recebeu autoriza\u00e7\u00e3o da Justi\u00e7a para cumprir a pena em casa. Ele j\u00e1 tinha progredido para o semiaberto em maio.<\/p>\n\n\n\n<p>Cl\u00e1udio deixou o Pres\u00eddio Constantino Cokotos, no Centro de Niter\u00f3i, nesta segunda-feira (6), e foi para casa, em Icara\u00ed.<\/p>\n\n\n\n<p>Oliveira foi considerado pela investiga\u00e7\u00e3o o mandante do assassinato de Patr\u00edcia. Ela foi morta com 21 tiros, em agosto de 2011, em Niter\u00f3i, na Regi\u00e3o Metropolitana do Rio de Janeiro. O ex-PM foi condenado pelo crime em 2014.<\/p>\n\n\n\n<h1 class=\"wp-block-heading\">\ud835\ude68\ud835\ude5c\ud835\ude6b\ud835\ude56\ud835\ude5e\ud835\ude62\ud835\ude6a\ud835\ude59\ud835\ude56\ud835\ude67<\/h1>\n\n\n\n<p>\ud835\udc76 \ud835\udc8e\ud835\udc82\ud835\udc8a\ud835\udc90\ud835\udc93 \ud835\udc77\ud835\udc90\ud835\udc93\ud835\udc95\ud835\udc82\ud835\udc8d \ud835\udc85\ud835\udc86 \ud835\udc8f\ud835\udc90\ud835\udc95\ud835\udc8a\u0301\ud835\udc84\ud835\udc8a\ud835\udc82\ud835\udc94 \ud835\udc85\ud835\udc82 \ud835\udc84\ud835\udc8a\ud835\udc85\ud835\udc82\ud835\udc85\ud835\udc86.<\/p>\n","protected":false},"excerpt":{"rendered":"<p>O ex-tenente-coronel da Pol\u00edcia Militar Cl\u00e1udio Luiz de Oliveira, condenado a 36 anos de pris\u00e3o pela morte da ju\u00edza Patr\u00edcia&hellip;<\/p>\n","protected":false},"author":2,"featured_media":3913,"comment_status":"open","ping_status":"open","sticky":false,"template":"","format":"standard","meta":{"fifu_image_url":"","fifu_image_alt":"","footnotes":""},"categories":[32],"tags":[],"class_list":["post-3912","post","type-post","status-publish","format-standard","has-post-thumbnail","hentry","category-casos-de-policia"],"_links":{"self":[{"href":"https:\/\/sgvaimudar.com.br\/index.php\/wp-json\/wp\/v2\/posts\/3912","targetHints":{"allow":["GET"]}}],"collection":[{"href":"https:\/\/sgvaimudar.com.br\/index.php\/wp-json\/wp\/v2\/posts"}],"about":[{"href":"https:\/\/sgvaimudar.com.br\/index.php\/wp-json\/wp\/v2\/types\/post"}],"author":[{"embeddable":true,"href":"https:\/\/sgvaimudar.com.br\/index.php\/wp-json\/wp\/v2\/users\/2"}],"replies":[{"embeddable":true,"href":"https:\/\/sgvaimudar.com.br\/index.php\/wp-json\/wp\/v2\/comments?post=3912"}],"version-history":[{"count":1,"href":"https:\/\/sgvaimudar.com.br\/index.php\/wp-json\/wp\/v2\/posts\/3912\/revisions"}],"predecessor-version":[{"id":3914,"href":"https:\/\/sgvaimudar.com.br\/index.php\/wp-json\/wp\/v2\/posts\/3912\/revisions\/3914"}],"wp:featuredmedia":[{"embeddable":true,"href":"https:\/\/sgvaimudar.com.br\/index.php\/wp-json\/wp\/v2\/media\/3913"}],"wp:attachment":[{"href":"https:\/\/sgvaimudar.com.br\/index.php\/wp-json\/wp\/v2\/media?parent=3912"}],"wp:term":[{"taxonomy":"category","embeddable":true,"href":"https:\/\/sgvaimudar.com.br\/index.php\/wp-json\/wp\/v2\/categories?post=3912"},{"taxonomy":"post_tag","embeddable":true,"href":"https:\/\/sgvaimudar.com.br\/index.php\/wp-json\/wp\/v2\/tags?post=3912"}],"curies":[{"name":"wp","href":"https:\/\/api.w.org\/{rel}","templated":true}]}}