{"id":38878,"date":"2026-03-17T09:15:12","date_gmt":"2026-03-17T12:15:12","guid":{"rendered":"https:\/\/sgvaimudar.com.br\/?p=38878"},"modified":"2026-03-17T09:15:13","modified_gmt":"2026-03-17T12:15:13","slug":"apa-alto-do-gaia-goncalenses-promovem-nova-oficina-de-planejamento","status":"publish","type":"post","link":"https:\/\/sgvaimudar.com.br\/index.php\/2026\/03\/17\/apa-alto-do-gaia-goncalenses-promovem-nova-oficina-de-planejamento\/","title":{"rendered":"APA Alto do Gaia: Gon\u00e7alenses promovem nova oficina de planejamento"},"content":{"rendered":"\n<p><em>Sociedade civil \u00e9 convidada a contribuir com a etapa de planejamento do Plano de Manejo da unidade de conserva\u00e7\u00e3o<\/em><\/p>\n\n\n\n<p>Dando continuidade ao processo de atualiza\u00e7\u00e3o do Plano de Manejo da \u00c1rea de Prote\u00e7\u00e3o Ambiental (APA) Alto do Gaia, ser\u00e1 realizada, no dia 26 de mar\u00e7o, das 8h \u00e0s 13h, a terceira Oficina Participativa da APA Alto do Gaia, na APA Est\u00e2ncias de Pendotiba, localizada na Rua Rigel Pacca Corr\u00eaa, em Maria Paula.<\/p>\n\n\n\n<p>A atividade \u00e9 promovida pela Prefeitura de S\u00e3o Gon\u00e7alo, por meio da Secretaria de Meio Ambiente e Transportes, em parceria com o Comit\u00ea de Bacia Hidrogr\u00e1fica da Ba\u00eda de Guanabara (CBH-BG), a Associa\u00e7\u00e3o Pr\u00f3-Gest\u00e3o das \u00c1guas da Bacia Hidrogr\u00e1fica do Rio Para\u00edba do Sul (AGEVAP) e a APA Alto do Gaia.<\/p>\n\n\n\n<p>As oficinas integram as etapas de planejamento dos Planos de Manejo das Unidades de Conserva\u00e7\u00e3o Municipais e t\u00eam como objetivo ampliar a participa\u00e7\u00e3o da sociedade no processo de defini\u00e7\u00e3o das diretrizes de gest\u00e3o da \u00e1rea. Durante o encontro, ser\u00e1 apresentada a proposta preliminar do Plano de Gest\u00e3o da unidade, com o objetivo de receber contribui\u00e7\u00f5es dos participantes para o aprimoramento e a prioriza\u00e7\u00e3o de programas e a\u00e7\u00f5es estrat\u00e9gicas alinhadas ao zoneamento e ao diagn\u00f3stico j\u00e1 realizados.<\/p>\n\n\n\n<p>A programa\u00e7\u00e3o tamb\u00e9m inclui a apresenta\u00e7\u00e3o da proposta do Plano de Monitoramento e Avalia\u00e7\u00e3o, etapa voltada \u00e0 constru\u00e7\u00e3o de indicadores e metas que ir\u00e3o acompanhar as condi\u00e7\u00f5es ambientais da unidade de conserva\u00e7\u00e3o e os resultados da sua gest\u00e3o, al\u00e9m de definir como esse acompanhamento ser\u00e1 realizado e comunicado \u00e0 sociedade.<\/p>\n\n\n\n<p>A iniciativa refor\u00e7a o compromisso com o planejamento participativo e com o envolvimento da popula\u00e7\u00e3o na constru\u00e7\u00e3o das pol\u00edticas ambientais do munic\u00edpio, reunindo representantes da sociedade civil, do poder p\u00fablico, pesquisadores, ativistas, membros de coletivos organizados e demais interessados na preserva\u00e7\u00e3o e no uso sustent\u00e1vel da APA Alto do Gaia.<\/p>\n\n\n\n<p>A participa\u00e7\u00e3o \u00e9 aberta ao p\u00fablico, e os interessados devem realizar inscri\u00e7\u00e3o pr\u00e9via pelo link:&nbsp;<a href=\"https:\/\/click.knewin360.com\/Click\/click\/eyJhbGciOiJIUzI1NiIsInR5cCI6IkpXVCJ9.eyJjYW1wYWlnbklkIjoiNGVlNDEyZDUtODNmMi00YTNjLWFhNGEtMDhkZTgwZjdmMzM3IiwicGVyc29uSWQiOiJhYzY2OTY2ZS0yYjU1LTQ0ODQtZmIyYy0wOGRjNDkxZWVkNWYiLCJlbWFpbCI6Impvcm5hbGlzdGF3c0BnbWFpbC5jb20iLCJ1cmwiOiJodHRwczovL2Zvcm1zLm9mZmljZS5jb20vci9XNXo0V1ZNZE1GIiwiaXNTZWdtZW50YXRpb24iOiJGYWxzZSIsIm5iZiI6MTc3MzY3Njc5OCwiZXhwIjoxNzc2MjY4Nzk4LCJpYXQiOjE3NzM2NzY3OTh9.nhf0K0dcmthNVbH55IiUtYoYHCgFVC0wB6Wgz7zDWr4\" rel=\"noreferrer noopener\" target=\"_blank\"><strong>https:\/\/forms.office.com\/r\/W5z4WVMdMF<\/strong><\/a>.<\/p>\n\n\n\n<p><em>Foto: Renan Otto (arquivo)<\/em><\/p>\n\n\n\n<p><strong><em>Passe sua informa\u00e7\u00e3o pelo nosso WhatsApp: (21) <\/em><\/strong><strong><em>99744 5345<\/em><\/strong><strong><em><\/em><\/strong><\/p>\n\n\n\n<p><strong><em>S\u00e3o Gon\u00e7alo Vai Mudar: Not\u00edcias de S\u00e3o Gon\u00e7alo e toda regi\u00e3o.<\/em><\/strong><\/p>\n\n\n\n<figure class=\"wp-block-video\"><video height=\"850\" style=\"aspect-ratio: 476 \/ 850;\" width=\"476\" controls src=\"https:\/\/sgvaimudar.com.br\/wp-content\/uploads\/2026\/02\/anuncioWillSmith.mp4\"><\/video><\/figure>\n","protected":false},"excerpt":{"rendered":"<p>Sociedade civil \u00e9 convidada a contribuir com a etapa de planejamento do Plano de Manejo da unidade de conserva\u00e7\u00e3o Dando&hellip;<\/p>\n","protected":false},"author":5,"featured_media":38881,"comment_status":"closed","ping_status":"open","sticky":false,"template":"","format":"standard","meta":{"fifu_image_url":"https:\/\/sgvaimudar.com.br\/wp-content\/uploads\/2026\/03\/AltoGaia.Divulgacao.PMSG_.jpg","fifu_image_alt":"","footnotes":""},"categories":[3],"tags":[1339,1765,172,1340,135,488,47,75,1338],"class_list":["post-38878","post","type-post","status-publish","format-standard","has-post-thumbnail","hentry","category-sao-goncalo","tag-alto","tag-bencao","tag-esporte","tag-gaia","tag-oficina","tag-paz","tag-rj","tag-sao-goncalo","tag-trilha"],"_links":{"self":[{"href":"https:\/\/sgvaimudar.com.br\/index.php\/wp-json\/wp\/v2\/posts\/38878","targetHints":{"allow":["GET"]}}],"collection":[{"href":"https:\/\/sgvaimudar.com.br\/index.php\/wp-json\/wp\/v2\/posts"}],"about":[{"href":"https:\/\/sgvaimudar.com.br\/index.php\/wp-json\/wp\/v2\/types\/post"}],"author":[{"embeddable":true,"href":"https:\/\/sgvaimudar.com.br\/index.php\/wp-json\/wp\/v2\/users\/5"}],"replies":[{"embeddable":true,"href":"https:\/\/sgvaimudar.com.br\/index.php\/wp-json\/wp\/v2\/comments?post=38878"}],"version-history":[{"count":1,"href":"https:\/\/sgvaimudar.com.br\/index.php\/wp-json\/wp\/v2\/posts\/38878\/revisions"}],"predecessor-version":[{"id":38880,"href":"https:\/\/sgvaimudar.com.br\/index.php\/wp-json\/wp\/v2\/posts\/38878\/revisions\/38880"}],"wp:featuredmedia":[{"embeddable":true,"href":"https:\/\/sgvaimudar.com.br\/index.php\/wp-json\/wp\/v2\/media\/38881"}],"wp:attachment":[{"href":"https:\/\/sgvaimudar.com.br\/index.php\/wp-json\/wp\/v2\/media?parent=38878"}],"wp:term":[{"taxonomy":"category","embeddable":true,"href":"https:\/\/sgvaimudar.com.br\/index.php\/wp-json\/wp\/v2\/categories?post=38878"},{"taxonomy":"post_tag","embeddable":true,"href":"https:\/\/sgvaimudar.com.br\/index.php\/wp-json\/wp\/v2\/tags?post=38878"}],"curies":[{"name":"wp","href":"https:\/\/api.w.org\/{rel}","templated":true}]}}