{"id":38874,"date":"2026-03-17T08:51:17","date_gmt":"2026-03-17T11:51:17","guid":{"rendered":"https:\/\/sgvaimudar.com.br\/?p=38874"},"modified":"2026-03-17T08:51:18","modified_gmt":"2026-03-17T11:51:18","slug":"atencao-sg-previ-convoca-aniversariantes-de-janeiro-a-marco-para-prova-de-vida","status":"publish","type":"post","link":"https:\/\/sgvaimudar.com.br\/index.php\/2026\/03\/17\/atencao-sg-previ-convoca-aniversariantes-de-janeiro-a-marco-para-prova-de-vida\/","title":{"rendered":"Aten\u00e7\u00e3o: SG-PREVI convoca aniversariantes de janeiro a mar\u00e7o para prova de vida"},"content":{"rendered":"\n<p><em>Atualiza\u00e7\u00e3o cadastral deve ser feita at\u00e9 31 de mar\u00e7o na Central de Atendimento ao Segurado do SG-PREVI, localizada na Rua Coronel Serrado, n\u00ba 1.000, sala 801, no bairro Z\u00e9 Garoto<\/em><\/p>\n\n\n\n<p>O Instituto de Previd\u00eancia do Munic\u00edpio de S\u00e3o Gon\u00e7alo (SG-PREVI) convoca servidores aposentados e pensionistas da administra\u00e7\u00e3o direta e indireta do munic\u00edpio, nascidos nos meses de janeiro, fevereiro e mar\u00e7o, que ainda n\u00e3o realizaram o recadastramento anual obrigat\u00f3rio de 2026.<\/p>\n\n\n\n<p>O procedimento deve ser feito at\u00e9 o dia 31 de mar\u00e7o de 2026. A atualiza\u00e7\u00e3o cadastral \u00e9 necess\u00e1ria para manter os dados previdenci\u00e1rios atualizados e garantir a continuidade do pagamento de aposentadorias e pens\u00f5es. O n\u00e3o comparecimento dentro do prazo poder\u00e1 resultar na suspens\u00e3o dos proventos.<\/p>\n\n\n\n<figure class=\"wp-block-image size-large\"><img fetchpriority=\"high\" decoding=\"async\" width=\"768\" height=\"1024\" src=\"https:\/\/sgvaimudar.com.br\/wp-content\/uploads\/2026\/03\/unnamed-2-768x1024.png\" alt=\"\" class=\"wp-image-38875\" srcset=\"https:\/\/sgvaimudar.com.br\/wp-content\/uploads\/2026\/03\/unnamed-2-768x1024.png 768w, https:\/\/sgvaimudar.com.br\/wp-content\/uploads\/2026\/03\/unnamed-2-225x300.png 225w, https:\/\/sgvaimudar.com.br\/wp-content\/uploads\/2026\/03\/unnamed-2.png 1080w\" sizes=\"(max-width: 768px) 100vw, 768px\" \/><\/figure>\n\n\n\n<p>O recadastramento pode ser realizado presencialmente na Central de Atendimento ao Segurado do SG-PREVI, localizada na Rua Coronel Serrado, n\u00ba 1.000, sala 801, no bairro Z\u00e9 Garoto, pelos aposentados e pensionistas ou por meio de visita social, mediante agendamento, para os servidores aposentados e\/ou pensionistas impossibilitados de comparecer por motivo de enfermidade ou comprovadamente de for\u00e7a maior, recebendo a visita de um (a) Assistente Social, devidamente identificado (a), com a finalidade de prova de vida.<\/p>\n\n\n\n<p>Procuradores com procura\u00e7\u00e3o v\u00e1lida ou representantes legais, legalmente constitu\u00eddos pelos aposentados e pensionistas, dever\u00e3o encaminhar atrav\u00e9s dos mesmos a declara\u00e7\u00e3o de prova de vida, com reconhecimento de firma por autenticidade assim como as c\u00f3pias autenticadas dos documentos listados abaixo, pelos correios, com aviso de recebimento, para central de atendimento ao segurado, no endere\u00e7o: Rua Coronel Serrado, n.\u00ba 1000, sala 801, Bairro Z\u00e9 Garoto, S\u00e3o Gon\u00e7alo\/RJ, CEP: 24.440-000.<\/p>\n\n\n\n<p>Por ocasi\u00e3o do recadastramento, ser\u00e1 exigida a documenta\u00e7\u00e3o original discriminada a seguir:<\/p>\n\n\n\n<p>-Documento de identidade v\u00e1lido em todo territ\u00f3rio nacional;<\/p>\n\n\n\n<p>-Comprovante\/ atestado, laudo m\u00e9dico eu ateste a invalidez do aposentado ou pensionista, quando for o caso;<\/p>\n\n\n\n<p>-Inscri\u00e7\u00e3o no cadastro de Pessoas F\u00edsicas (CPF);<\/p>\n\n\n\n<p>-Comprovante de resid\u00eancia de servi\u00e7os fixos (\u00e1gua, luz, telefone fixo);<\/p>\n\n\n\n<p>-Qualquer contracheque do servidor inativo ou pensionista, emitido nos 3 (tr\u00eas) \u00faltimos meses;<\/p>\n\n\n\n<p>-Documento de identidade do c\u00f4njuge ou companheiro (a) v\u00e1lido em todo territ\u00f3rio nacional (apenas para servidores aposentados);<\/p>\n\n\n\n<p>-Documento de identidade dos filhos menores de 21 (vinte e um) anos e comprovante de invalidez dos mesmos, quando for o caso (apenas para servidores aposentados).<\/p>\n\n\n\n<p>A lista nominal dos segurados que ainda n\u00e3o realizaram o recadastramento consta Di\u00e1rio Oficial do dia 13 de mar\u00e7o de 2026.<\/p>\n\n\n\n<p><strong><em>Passe sua informa\u00e7\u00e3o pelo nosso WhatsApp: (21) <\/em><\/strong><strong><em>99744 5345<\/em><\/strong><strong><em><\/em><\/strong><\/p>\n\n\n\n<p><strong><em>S\u00e3o Gon\u00e7alo Vai Mudar: Not\u00edcias de S\u00e3o Gon\u00e7alo e toda regi\u00e3o.<\/em><\/strong><\/p>\n\n\n\n<figure class=\"wp-block-image size-large is-resized\"><img decoding=\"async\" width=\"577\" height=\"1024\" src=\"https:\/\/sgvaimudar.com.br\/wp-content\/uploads\/2026\/01\/vceoreporter.SGVM_-577x1024.jpg\" alt=\"\" class=\"wp-image-36417\" style=\"width:695px;height:auto\" srcset=\"https:\/\/sgvaimudar.com.br\/wp-content\/uploads\/2026\/01\/vceoreporter.SGVM_-577x1024.jpg 577w, https:\/\/sgvaimudar.com.br\/wp-content\/uploads\/2026\/01\/vceoreporter.SGVM_-169x300.jpg 169w, https:\/\/sgvaimudar.com.br\/wp-content\/uploads\/2026\/01\/vceoreporter.SGVM_.jpg 640w\" sizes=\"(max-width: 577px) 100vw, 577px\" \/><\/figure>\n","protected":false},"excerpt":{"rendered":"<p>Atualiza\u00e7\u00e3o cadastral deve ser feita at\u00e9 31 de mar\u00e7o na Central de Atendimento ao Segurado do SG-PREVI, localizada na Rua&hellip;<\/p>\n","protected":false},"author":5,"featured_media":38877,"comment_status":"closed","ping_status":"open","sticky":false,"template":"","format":"standard","meta":{"fifu_image_url":"https:\/\/sgvaimudar.com.br\/wp-content\/uploads\/2025\/08\/25-10-2021_1-Subsecao-de-Sao-Goncalo-da-Justica-Federal-deixara-de-atender-no-predio-1000-da-rua-Coronel-Serrado-Ze-Garoto_Foto_Marcelo-Feitosai-scaled.jpg","fifu_image_alt":"","footnotes":""},"categories":[7],"tags":[319,511,47,75,51],"class_list":["post-38874","post","type-post","status-publish","format-standard","has-post-thumbnail","hentry","category-saude","tag-atendimento","tag-convocacao","tag-rj","tag-sao-goncalo","tag-saude"],"_links":{"self":[{"href":"https:\/\/sgvaimudar.com.br\/index.php\/wp-json\/wp\/v2\/posts\/38874","targetHints":{"allow":["GET"]}}],"collection":[{"href":"https:\/\/sgvaimudar.com.br\/index.php\/wp-json\/wp\/v2\/posts"}],"about":[{"href":"https:\/\/sgvaimudar.com.br\/index.php\/wp-json\/wp\/v2\/types\/post"}],"author":[{"embeddable":true,"href":"https:\/\/sgvaimudar.com.br\/index.php\/wp-json\/wp\/v2\/users\/5"}],"replies":[{"embeddable":true,"href":"https:\/\/sgvaimudar.com.br\/index.php\/wp-json\/wp\/v2\/comments?post=38874"}],"version-history":[{"count":1,"href":"https:\/\/sgvaimudar.com.br\/index.php\/wp-json\/wp\/v2\/posts\/38874\/revisions"}],"predecessor-version":[{"id":38876,"href":"https:\/\/sgvaimudar.com.br\/index.php\/wp-json\/wp\/v2\/posts\/38874\/revisions\/38876"}],"wp:featuredmedia":[{"embeddable":true,"href":"https:\/\/sgvaimudar.com.br\/index.php\/wp-json\/wp\/v2\/media\/38877"}],"wp:attachment":[{"href":"https:\/\/sgvaimudar.com.br\/index.php\/wp-json\/wp\/v2\/media?parent=38874"}],"wp:term":[{"taxonomy":"category","embeddable":true,"href":"https:\/\/sgvaimudar.com.br\/index.php\/wp-json\/wp\/v2\/categories?post=38874"},{"taxonomy":"post_tag","embeddable":true,"href":"https:\/\/sgvaimudar.com.br\/index.php\/wp-json\/wp\/v2\/tags?post=38874"}],"curies":[{"name":"wp","href":"https:\/\/api.w.org\/{rel}","templated":true}]}}