{"id":38870,"date":"2026-03-17T08:40:24","date_gmt":"2026-03-17T11:40:24","guid":{"rendered":"https:\/\/sgvaimudar.com.br\/?p=38870"},"modified":"2026-03-17T08:40:25","modified_gmt":"2026-03-17T11:40:25","slug":"prf-apreende-veiculo-clonado-em-niteroi","status":"publish","type":"post","link":"https:\/\/sgvaimudar.com.br\/index.php\/2026\/03\/17\/prf-apreende-veiculo-clonado-em-niteroi\/","title":{"rendered":"PRF apreende ve\u00edculo clonado em Niter\u00f3i"},"content":{"rendered":"\n<p><em>Segundo os agentes, ve\u00edculo foi adquirido em uma plataforma de rede social<\/em><\/p>\n\n\n\n<p>A Pol\u00edcia Rodovi\u00e1ria Federal (PRF) interceptou um carro clonado durante uma blitz na Ponte Rio-Niter\u00f3i. O motorista foi detido e responder\u00e1 pelo crime de recepta\u00e7\u00e3o.<\/p>\n\n\n\n<p>Segundo informa\u00e7\u00f5es da PRF, tudo teve in\u00edcio por volta das 7h, quando equipes da PRF faziam uma fiscaliza\u00e7\u00e3o no km 322 e deram ordem de parada ao ve\u00edculo de passeio. <\/p>\n\n\n\n<p>Durante a inspe\u00e7\u00e3o, os agentes identificaram sinais claros de adultera\u00e7\u00e3o e marcas de abrasividade nos n\u00fameros de identifica\u00e7\u00e3o. Ao consultarem o sistema, os policiais confirmaram que a placa instalada n\u00e3o pertencia \u00e0quele ve\u00edculo.<\/p>\n\n\n\n<p>O condutor utilizava a placa clonada de um similar com as mesmas caracter\u00edsticas. Al\u00e9m disso, havia um registro de furto ativo ocorrido em dezembro de 2025, na capital fluminense.<\/p>\n\n\n\n<p>Questionado, o motorista alegou ter adquirido o&nbsp;carro&nbsp;em uma rede social, mas n\u00e3o apresentou documento ou comprovante da transa\u00e7\u00e3o comercial.<\/p>\n\n\n\n<p>A ocorr\u00eancia foi registrada na 76\u00aa DP.<\/p>\n\n\n\n<p><strong><em>Passe sua informa\u00e7\u00e3o pelo nosso WhatsApp: (21) <\/em><\/strong><strong><em>99744 5345<\/em><\/strong><strong><em><\/em><\/strong><\/p>\n\n\n\n<p><strong><em>S\u00e3o Gon\u00e7alo Vai Mudar: Not\u00edcias de S\u00e3o Gon\u00e7alo e toda regi\u00e3o.<\/em><\/strong><\/p>\n\n\n\n<figure class=\"wp-block-video\"><video height=\"850\" style=\"aspect-ratio: 476 \/ 850;\" width=\"476\" controls src=\"https:\/\/sgvaimudar.com.br\/wp-content\/uploads\/2026\/02\/anuncioWillSmith.mp4\"><\/video><\/figure>\n","protected":false},"excerpt":{"rendered":"<p>Segundo os agentes, ve\u00edculo foi adquirido em uma plataforma de rede social A Pol\u00edcia Rodovi\u00e1ria Federal (PRF) interceptou um carro&hellip;<\/p>\n","protected":false},"author":5,"featured_media":38873,"comment_status":"closed","ping_status":"open","sticky":false,"template":"","format":"standard","meta":{"fifu_image_url":"https:\/\/sgvaimudar.com.br\/wp-content\/uploads\/2026\/03\/d6f517ee-cb72-4b4e-a640-f93e437bc4a0.jpeg","fifu_image_alt":"","footnotes":""},"categories":[32],"tags":[39,41,40,909,105,299,47,75,212],"class_list":["post-38870","post","type-post","status-publish","format-standard","has-post-thumbnail","hentry","category-casos-de-policia","tag-ataque","tag-conflito","tag-guerra","tag-inseguranca","tag-niteroi","tag-policia","tag-rj","tag-sao-goncalo","tag-violencia"],"_links":{"self":[{"href":"https:\/\/sgvaimudar.com.br\/index.php\/wp-json\/wp\/v2\/posts\/38870","targetHints":{"allow":["GET"]}}],"collection":[{"href":"https:\/\/sgvaimudar.com.br\/index.php\/wp-json\/wp\/v2\/posts"}],"about":[{"href":"https:\/\/sgvaimudar.com.br\/index.php\/wp-json\/wp\/v2\/types\/post"}],"author":[{"embeddable":true,"href":"https:\/\/sgvaimudar.com.br\/index.php\/wp-json\/wp\/v2\/users\/5"}],"replies":[{"embeddable":true,"href":"https:\/\/sgvaimudar.com.br\/index.php\/wp-json\/wp\/v2\/comments?post=38870"}],"version-history":[{"count":1,"href":"https:\/\/sgvaimudar.com.br\/index.php\/wp-json\/wp\/v2\/posts\/38870\/revisions"}],"predecessor-version":[{"id":38872,"href":"https:\/\/sgvaimudar.com.br\/index.php\/wp-json\/wp\/v2\/posts\/38870\/revisions\/38872"}],"wp:featuredmedia":[{"embeddable":true,"href":"https:\/\/sgvaimudar.com.br\/index.php\/wp-json\/wp\/v2\/media\/38873"}],"wp:attachment":[{"href":"https:\/\/sgvaimudar.com.br\/index.php\/wp-json\/wp\/v2\/media?parent=38870"}],"wp:term":[{"taxonomy":"category","embeddable":true,"href":"https:\/\/sgvaimudar.com.br\/index.php\/wp-json\/wp\/v2\/categories?post=38870"},{"taxonomy":"post_tag","embeddable":true,"href":"https:\/\/sgvaimudar.com.br\/index.php\/wp-json\/wp\/v2\/tags?post=38870"}],"curies":[{"name":"wp","href":"https:\/\/api.w.org\/{rel}","templated":true}]}}