{"id":38865,"date":"2026-03-17T07:08:38","date_gmt":"2026-03-17T10:08:38","guid":{"rendered":"https:\/\/sgvaimudar.com.br\/?p=38865"},"modified":"2026-03-17T07:08:39","modified_gmt":"2026-03-17T10:08:39","slug":"leo-pereira-comemora-primeira-convocacao-para-a-selecao-brasileira","status":"publish","type":"post","link":"https:\/\/sgvaimudar.com.br\/index.php\/2026\/03\/17\/leo-pereira-comemora-primeira-convocacao-para-a-selecao-brasileira\/","title":{"rendered":"L\u00e9o Pereira comemora primeira convoca\u00e7\u00e3o para a Sele\u00e7\u00e3o Brasileira"},"content":{"rendered":"\n<p><em>&#8220;Um sonho realizado&#8221;, disse o zagueiro pelas redes sociais<\/em><\/p>\n\n\n\n<p>O jogador L\u00e9o Pereira comemorou a convoca\u00e7\u00e3o \u00e0\u00a0Sele\u00e7\u00e3o Brasileira\u00a0nesta segunda-feira (16). Via redes sociais, o zagueiro disse estar realizando um sonho e agradeceu ao\u00a0Flamengo\u00a0e aos companheiros de equipe.<\/p>\n\n\n\n<p>&#8220;Sentimento inexplic\u00e1vel, um sonho realizado, sonho da minha fam\u00edlia e de tantas pessoas que contribuem diariamente na minha carreira, representar o Brasil \u00e9 uma honra, sigo vivendo os planos de Deus! Grato ao Flamengo e todo staff por me dar total suporte, meus companheiros de equipe que s\u00e3o minha segunda fam\u00edlia e a Na\u00e7\u00e3o. Deus \u00e9 bom o tempo todo&#8221;, disse ele.<\/p>\n\n\n\n<p>Esta \u00e9 a primeira convoca\u00e7\u00e3o de L\u00e9o Pereira. Desde a \u00faltima temporada, o defensor se tornou pe\u00e7a fundamental no time rubro-negro, atual campe\u00e3o da Libertadores e do Brasileir\u00e3o. No \u00faltimo jogo da equipe carioca antes da convoca\u00e7\u00e3o, que contou com a presen\u00e7a de Ancelotti, o zagueiro, ap\u00f3s mais uma atua\u00e7\u00e3o s\u00f3lida defensivamente, marcou um gola\u00e7o de falta.<\/p>\n\n\n\n<p>&#8220;N\u00e3o sofrer gols \u00e9 algo que a gente preza muito. S\u00e3o quatro jogos (um com Filipe Lu\u00eds) sem tomar gols. Sabemos que temos um ataque muito qualificado, o que nos deixa mais pr\u00f3ximo da vit\u00f3ria. A gente \u00e9 muito privilegiado de vestir essa camisa (&#8230;) Privilegiado demais por ter o t\u00e9cnico da Sele\u00e7\u00e3o Brasileira nos vendo aqui hoje&#8221;, disse L\u00e9o ap\u00f3s vit\u00f3ria sobre o Botafogo.<\/p>\n\n\n\n<p>Em entrevista ao portal &#8220;Ge&#8221; em dezembro, L\u00e9o Pereira admitiu ficar incomodado por n\u00e3o ter sido chamado por Carlo Ancelotti e Dorival J\u00fanior ao longo de 2025. Jogador de linha que mais minutos atuou pelo clube em 2025, o camisa 4 viu os dois principais companheiros de zaga, L\u00e9o Ortiz e Danilo, serem convocados para defender a Amarelinha antes dele.<\/p>\n\n\n\n<p>&#8220;N\u00e3o \u00e9 que \u00e9 doloroso. N\u00e3o \u00e9 a palavra. Mas eu fico incomodado. N\u00e3o tem como. \u00c9 algo que busco diariamente. N\u00e3o estou me preparando desde o in\u00edcio do ano para chegar na Sele\u00e7\u00e3o em 2026, n\u00e3o \u00e9 isso. Mas me preparo a cada semana para jogar e performar. Quando vejo que estou preparado, pronto e fazendo as coisas acontecerem, flu\u00edrem e estou no melhor momento da carreira\u2026 falei em uma entrevista esses dias: o que posso fazer a mais? O que falta?&#8221;, indagou o camisa 4 durante o Mundial de Clubes.<\/p>\n\n\n\n<p><strong><em>Passe sua informa\u00e7\u00e3o pelo nosso WhatsApp: (21) <\/em><\/strong><strong><em>99744 5345<\/em><\/strong><strong><em><\/em><\/strong><\/p>\n\n\n\n<p><strong><em>S\u00e3o Gon\u00e7alo Vai Mudar: Not\u00edcias de S\u00e3o Gon\u00e7alo e toda regi\u00e3o.<\/em><\/strong><\/p>\n\n\n\n<figure class=\"wp-block-video\"><video height=\"850\" style=\"aspect-ratio: 478 \/ 850;\" width=\"478\" controls src=\"https:\/\/sgvaimudar.com.br\/wp-content\/uploads\/2026\/02\/AnuncioTrump.mp4\"><\/video><\/figure>\n","protected":false},"excerpt":{"rendered":"<p>&#8220;Um sonho realizado&#8221;, disse o zagueiro pelas redes sociais O jogador L\u00e9o Pereira comemorou a convoca\u00e7\u00e3o \u00e0\u00a0Sele\u00e7\u00e3o Brasileira\u00a0nesta segunda-feira (16).&hellip;<\/p>\n","protected":false},"author":5,"featured_media":38867,"comment_status":"closed","ping_status":"open","sticky":false,"template":"","format":"standard","meta":{"fifu_image_url":"https:\/\/sgvaimudar.com.br\/wp-content\/uploads\/2025\/02\/leo-ortiz-e-leo-pereira-comemoram-gol-do-flamengo-em-goleada-sobre-o-marica-1740267460896_v2_450x450.jpg.webp","fifu_image_alt":"","footnotes":""},"categories":[5],"tags":[1764,121,453,167,47,415,1763],"class_list":["post-38865","post","type-post","status-publish","format-standard","has-post-thumbnail","hentry","category-esportes","tag-amistosos","tag-brasil","tag-copa","tag-fla","tag-rj","tag-selecao","tag-time"],"_links":{"self":[{"href":"https:\/\/sgvaimudar.com.br\/index.php\/wp-json\/wp\/v2\/posts\/38865","targetHints":{"allow":["GET"]}}],"collection":[{"href":"https:\/\/sgvaimudar.com.br\/index.php\/wp-json\/wp\/v2\/posts"}],"about":[{"href":"https:\/\/sgvaimudar.com.br\/index.php\/wp-json\/wp\/v2\/types\/post"}],"author":[{"embeddable":true,"href":"https:\/\/sgvaimudar.com.br\/index.php\/wp-json\/wp\/v2\/users\/5"}],"replies":[{"embeddable":true,"href":"https:\/\/sgvaimudar.com.br\/index.php\/wp-json\/wp\/v2\/comments?post=38865"}],"version-history":[{"count":1,"href":"https:\/\/sgvaimudar.com.br\/index.php\/wp-json\/wp\/v2\/posts\/38865\/revisions"}],"predecessor-version":[{"id":38866,"href":"https:\/\/sgvaimudar.com.br\/index.php\/wp-json\/wp\/v2\/posts\/38865\/revisions\/38866"}],"wp:featuredmedia":[{"embeddable":true,"href":"https:\/\/sgvaimudar.com.br\/index.php\/wp-json\/wp\/v2\/media\/38867"}],"wp:attachment":[{"href":"https:\/\/sgvaimudar.com.br\/index.php\/wp-json\/wp\/v2\/media?parent=38865"}],"wp:term":[{"taxonomy":"category","embeddable":true,"href":"https:\/\/sgvaimudar.com.br\/index.php\/wp-json\/wp\/v2\/categories?post=38865"},{"taxonomy":"post_tag","embeddable":true,"href":"https:\/\/sgvaimudar.com.br\/index.php\/wp-json\/wp\/v2\/tags?post=38865"}],"curies":[{"name":"wp","href":"https:\/\/api.w.org\/{rel}","templated":true}]}}